{"id":604,"date":"2014-12-08T16:12:00","date_gmt":"2014-12-08T18:12:00","guid":{"rendered":"https:\/\/blogs.correiobraziliense.com.br\/consumidor\/procon_do_distrito_federal_inicia_operacao_especial_de_natal\/"},"modified":"2016-05-13T19:34:41","modified_gmt":"2016-05-13T22:34:41","slug":"procon_do_distrito_federal_inicia_operacao_especial_de_natal","status":"publish","type":"post","link":"https:\/\/blogs.correiobraziliense.com.br\/consumidor\/procon_do_distrito_federal_inicia_operacao_especial_de_natal\/","title":{"rendered":"Procon do Distrito Federal inicia Opera\u00e7\u00e3o Especial de Natal"},"content":{"rendered":"<div style=\"text-align: left\">O Procon do Distrito Federal iniciou nesta manh\u00e3 (8\/12) a Opera\u00e7\u00e3o Especial de Natal que deve durar at\u00e9 o pr\u00f3ximo dia 19.    <\/p>\n<p>O objetivo do \u00f3rg\u00e3o \u00e9 fiscalizar lojas de shopping centers e de rua para evitar e coibir desrespeito contra o consumidor.   <\/p>\n<p>Os fiscais v\u00e3o analisar itens como: a exist\u00eancia de pre\u00e7os nas vitrines, se estabelecimentos t\u00eam exemplares do C\u00f3digo de Defesa do Consumidor e se o n\u00famero de telefone do Procon est\u00e1 vis\u00edvel na loja.   <\/p>\n<p>Caso o consumidor encontre irregularidades pode entrar em contato com o Procon pelo telefone 151 ou nos postos de atendimento.   <\/p>\n<\/div>\n","protected":false},"excerpt":{"rendered":"<p>O Procon do Distrito Federal iniciou nesta manh\u00e3 (8\/12) a Opera\u00e7\u00e3o Especial de Natal que deve durar at\u00e9 o pr\u00f3ximo dia 19. O objetivo do \u00f3rg\u00e3o \u00e9 fiscalizar lojas de shopping centers e de rua para evitar e coibir desrespeito contra o consumidor. Os fiscais v\u00e3o analisar itens como: a exist\u00eancia de pre\u00e7os nas vitrines, se estabelecimentos t\u00eam exemplares do [&hellip;]<\/p>\n","protected":false},"author":28,"featured_media":0,"comment_status":"open","ping_status":"closed","sticky":false,"template":"","format":"standard","meta":{"footnotes":""},"categories":[1],"tags":[],"class_list":["post-604","post","type-post","status-publish","format-standard","hentry","category-sem-categoria"],"_links":{"self":[{"href":"https:\/\/blogs.correiobraziliense.com.br\/consumidor\/wp-json\/wp\/v2\/posts\/604","targetHints":{"allow":["GET"]}}],"collection":[{"href":"https:\/\/blogs.correiobraziliense.com.br\/consumidor\/wp-json\/wp\/v2\/posts"}],"about":[{"href":"https:\/\/blogs.correiobraziliense.com.br\/consumidor\/wp-json\/wp\/v2\/types\/post"}],"author":[{"embeddable":true,"href":"https:\/\/blogs.correiobraziliense.com.br\/consumidor\/wp-json\/wp\/v2\/users\/28"}],"replies":[{"embeddable":true,"href":"https:\/\/blogs.correiobraziliense.com.br\/consumidor\/wp-json\/wp\/v2\/comments?post=604"}],"version-history":[{"count":1,"href":"https:\/\/blogs.correiobraziliense.com.br\/consumidor\/wp-json\/wp\/v2\/posts\/604\/revisions"}],"predecessor-version":[{"id":1158,"href":"https:\/\/blogs.correiobraziliense.com.br\/consumidor\/wp-json\/wp\/v2\/posts\/604\/revisions\/1158"}],"wp:attachment":[{"href":"https:\/\/blogs.correiobraziliense.com.br\/consumidor\/wp-json\/wp\/v2\/media?parent=604"}],"wp:term":[{"taxonomy":"category","embeddable":true,"href":"https:\/\/blogs.correiobraziliense.com.br\/consumidor\/wp-json\/wp\/v2\/categories?post=604"},{"taxonomy":"post_tag","embeddable":true,"href":"https:\/\/blogs.correiobraziliense.com.br\/consumidor\/wp-json\/wp\/v2\/tags?post=604"}],"curies":[{"name":"wp","href":"https:\/\/api.w.org\/{rel}","templated":true}]}}