{"id":602,"date":"2014-12-02T14:41:00","date_gmt":"2014-12-02T16:41:00","guid":{"rendered":"https:\/\/blogs.correiobraziliense.com.br\/consumidor\/procon_de_sao_paulo_registra_1356_atendimentos_durante_a_black_friday\/"},"modified":"2016-05-13T19:34:42","modified_gmt":"2016-05-13T22:34:42","slug":"procon_de_sao_paulo_registra_1356_atendimentos_durante_a_black_friday","status":"publish","type":"post","link":"https:\/\/blogs.correiobraziliense.com.br\/consumidor\/procon_de_sao_paulo_registra_1356_atendimentos_durante_a_black_friday\/","title":{"rendered":"Procon de S\u00e3o Paulo registra 1.356 atendimentos durante a Black Friday"},"content":{"rendered":"<p>O plant\u00e3o da Black Friday, montado pelo Procon de S\u00e3o Paulo bateu recordes de liga\u00e7\u00f5es e registros nas redes sociais e no site do \u00f3rg\u00e3o. Das 19 horas de 27 de novembro at\u00e9 a meia-noite do dia 28, foram registrados 1.356 atendimentos. <\/p>\n<p>A maior demanda foi registrada na p\u00e1gina do Facebook que recebeu 753 manifesta\u00e7\u00f5es. O restante ficou dividido entre o Twitter, o site do Procon e o telefone 151. <\/p>\n<p>As mais reclamadas foram a B2W (Americanas.com, Submarino e Shoptime) e Saraiva. A Nova Pontocom (Pontofrio.com.br, casasbahia.com.br, e extra.com.br) tamb\u00e9m est\u00e1 na lista, mas foi a empresa com o maior \u00edndice de solu\u00e7\u00e3o, acima dos 95%, considerado ideal pelo \u00f3rg\u00e3o. \u201cOs problemas com a Nova Pontocom foram grandes, mas a empresa nos atendeu na hora, inclusive de madrugada, mostrando o comprometimento em cumprir a oferta e atender as demandas dos consumidores rapidamente\u201d, explica o diretor executivo do Procon-SP, Alexandre Modonezi. <\/p>\n<p>Os principais problemas relatados foram produto ou servi\u00e7o anunciado indispon\u00edvel, sites intermitentes (falha na p\u00e1gina), e mudan\u00e7a de pre\u00e7o na finaliza\u00e7\u00e3o da compra. Estes registros somam 76% das demandas registradas. <\/p>\n<p>\u201cO plant\u00e3o estruturado pelo Procon-SP mostrou que os consumidores est\u00e3o cada vez mais atentos e mais informados. Por outro lado, mostrou tamb\u00e9m o descaso e a falta de respeito de algumas empresas que maquiaram pre\u00e7os, n\u00e3o cumpriram a oferta e, ainda, n\u00e3o atenderam seus clientes\u201d, finaliza.  <\/p>\n<p>Fonte: Procon de S\u00e3o Paulo <\/p>\n","protected":false},"excerpt":{"rendered":"<p>O plant\u00e3o da Black Friday, montado pelo Procon de S\u00e3o Paulo bateu recordes de liga\u00e7\u00f5es e registros nas redes sociais e no site do \u00f3rg\u00e3o. Das 19 horas de 27 de novembro at\u00e9 a meia-noite do dia 28, foram registrados 1.356 atendimentos. A maior demanda foi registrada na p\u00e1gina do Facebook que recebeu 753 manifesta\u00e7\u00f5es. O restante ficou dividido entre [&hellip;]<\/p>\n","protected":false},"author":28,"featured_media":0,"comment_status":"open","ping_status":"closed","sticky":false,"template":"","format":"standard","meta":{"footnotes":""},"categories":[1],"tags":[],"class_list":["post-602","post","type-post","status-publish","format-standard","hentry","category-sem-categoria"],"_links":{"self":[{"href":"https:\/\/blogs.correiobraziliense.com.br\/consumidor\/wp-json\/wp\/v2\/posts\/602","targetHints":{"allow":["GET"]}}],"collection":[{"href":"https:\/\/blogs.correiobraziliense.com.br\/consumidor\/wp-json\/wp\/v2\/posts"}],"about":[{"href":"https:\/\/blogs.correiobraziliense.com.br\/consumidor\/wp-json\/wp\/v2\/types\/post"}],"author":[{"embeddable":true,"href":"https:\/\/blogs.correiobraziliense.com.br\/consumidor\/wp-json\/wp\/v2\/users\/28"}],"replies":[{"embeddable":true,"href":"https:\/\/blogs.correiobraziliense.com.br\/consumidor\/wp-json\/wp\/v2\/comments?post=602"}],"version-history":[{"count":1,"href":"https:\/\/blogs.correiobraziliense.com.br\/consumidor\/wp-json\/wp\/v2\/posts\/602\/revisions"}],"predecessor-version":[{"id":1160,"href":"https:\/\/blogs.correiobraziliense.com.br\/consumidor\/wp-json\/wp\/v2\/posts\/602\/revisions\/1160"}],"wp:attachment":[{"href":"https:\/\/blogs.correiobraziliense.com.br\/consumidor\/wp-json\/wp\/v2\/media?parent=602"}],"wp:term":[{"taxonomy":"category","embeddable":true,"href":"https:\/\/blogs.correiobraziliense.com.br\/consumidor\/wp-json\/wp\/v2\/categories?post=602"},{"taxonomy":"post_tag","embeddable":true,"href":"https:\/\/blogs.correiobraziliense.com.br\/consumidor\/wp-json\/wp\/v2\/tags?post=602"}],"curies":[{"name":"wp","href":"https:\/\/api.w.org\/{rel}","templated":true}]}}