{"id":600,"date":"2014-11-28T13:18:00","date_gmt":"2014-11-28T15:18:00","guid":{"rendered":"https:\/\/blogs.correiobraziliense.com.br\/consumidor\/proteste_associacao_de_consumidores_constata_irregularidades_no_black_friday\/"},"modified":"2016-05-13T19:34:44","modified_gmt":"2016-05-13T22:34:44","slug":"proteste_associacao_de_consumidores_constata_irregularidades_no_black_friday","status":"publish","type":"post","link":"https:\/\/blogs.correiobraziliense.com.br\/consumidor\/proteste_associacao_de_consumidores_constata_irregularidades_no_black_friday\/","title":{"rendered":"Proteste Associa\u00e7\u00e3o de Consumidores constata irregularidades no Black Friday"},"content":{"rendered":"\n<p>A Proteste Associa\u00e7\u00e3o de Consumidores est\u00e1 de olho nas promo\u00e7\u00f5es do Black Friday e j\u00e1 constatou irregularidades em v\u00e1rios sites. Segundo a associa\u00e7\u00e3o, entre os principais problemas encontrados est\u00e3o a dificuldade para acessar algumas p\u00e1ginas e finalizar a compra, a exig\u00eancia de cadastro anterior para acesso \u00e0 promo\u00e7\u00e3o, prazo de entrega demorado e descontos abaixo do que os anunciados. <\/p>\n<p>A Proteste monitorou pre\u00e7os de equipamentos eletroeletr\u00f4nicos e de ofertas enviadas por e-mail pelas lojas online, desde julho, e desde o in\u00edcio da promo\u00e7\u00e3o, na madrugada,&nbsp; comparou com os que estavam nos sites dos lojistas participantes da Black Friday. <\/p>\n<p>De acordo com a associa\u00e7\u00e3o, embora tenha problemas, a edi\u00e7\u00e3o de 2014 corrigiu v\u00e1rios erros dos anos anteriores, quando a promo\u00e7\u00e3o ganhou o apelido de Black Fraude, principalmente em rela\u00e7\u00e3o aos pre\u00e7os praticados e o acesso \u00e0s ofertas.  <\/p>\n","protected":false},"excerpt":{"rendered":"<p>A Proteste Associa\u00e7\u00e3o de Consumidores est\u00e1 de olho nas promo\u00e7\u00f5es do Black Friday e j\u00e1 constatou irregularidades em v\u00e1rios sites. Segundo a associa\u00e7\u00e3o, entre os principais problemas encontrados est\u00e3o a dificuldade para acessar algumas p\u00e1ginas e finalizar a compra, a exig\u00eancia de cadastro anterior para acesso \u00e0 promo\u00e7\u00e3o, prazo de entrega demorado e descontos abaixo do que os anunciados. A [&hellip;]<\/p>\n","protected":false},"author":28,"featured_media":0,"comment_status":"open","ping_status":"closed","sticky":false,"template":"","format":"standard","meta":{"footnotes":""},"categories":[1],"tags":[],"class_list":["post-600","post","type-post","status-publish","format-standard","hentry","category-sem-categoria"],"_links":{"self":[{"href":"https:\/\/blogs.correiobraziliense.com.br\/consumidor\/wp-json\/wp\/v2\/posts\/600","targetHints":{"allow":["GET"]}}],"collection":[{"href":"https:\/\/blogs.correiobraziliense.com.br\/consumidor\/wp-json\/wp\/v2\/posts"}],"about":[{"href":"https:\/\/blogs.correiobraziliense.com.br\/consumidor\/wp-json\/wp\/v2\/types\/post"}],"author":[{"embeddable":true,"href":"https:\/\/blogs.correiobraziliense.com.br\/consumidor\/wp-json\/wp\/v2\/users\/28"}],"replies":[{"embeddable":true,"href":"https:\/\/blogs.correiobraziliense.com.br\/consumidor\/wp-json\/wp\/v2\/comments?post=600"}],"version-history":[{"count":1,"href":"https:\/\/blogs.correiobraziliense.com.br\/consumidor\/wp-json\/wp\/v2\/posts\/600\/revisions"}],"predecessor-version":[{"id":1162,"href":"https:\/\/blogs.correiobraziliense.com.br\/consumidor\/wp-json\/wp\/v2\/posts\/600\/revisions\/1162"}],"wp:attachment":[{"href":"https:\/\/blogs.correiobraziliense.com.br\/consumidor\/wp-json\/wp\/v2\/media?parent=600"}],"wp:term":[{"taxonomy":"category","embeddable":true,"href":"https:\/\/blogs.correiobraziliense.com.br\/consumidor\/wp-json\/wp\/v2\/categories?post=600"},{"taxonomy":"post_tag","embeddable":true,"href":"https:\/\/blogs.correiobraziliense.com.br\/consumidor\/wp-json\/wp\/v2\/tags?post=600"}],"curies":[{"name":"wp","href":"https:\/\/api.w.org\/{rel}","templated":true}]}}