{"id":597,"date":"2014-11-25T14:43:00","date_gmt":"2014-11-25T16:43:00","guid":{"rendered":"https:\/\/blogs.correiobraziliense.com.br\/consumidor\/black_friday_sera_monitorada_por_procons_de_todo_o_brasil\/"},"modified":"2016-05-13T19:34:46","modified_gmt":"2016-05-13T22:34:46","slug":"black_friday_sera_monitorada_por_procons_de_todo_o_brasil","status":"publish","type":"post","link":"https:\/\/blogs.correiobraziliense.com.br\/consumidor\/black_friday_sera_monitorada_por_procons_de_todo_o_brasil\/","title":{"rendered":"Black Friday ser\u00e1 monitorada por Procons de todo o Brasil"},"content":{"rendered":"\n<p>Os Procons de todo o Brasil est\u00e3o de olho nas promo\u00e7\u00f5es da Black Friday e v\u00e3o intensificar a fiscaliza\u00e7\u00e3o. A ideia \u00e9 evitar os abusos cometidos pelas lojas como o constatado em edi\u00e7\u00f5es anteriores do evento, principalmente em 2012, quando os consumidores relataram in\u00fameros casos de&nbsp; descumprimento de oferta e propaganda enganosa. Por isso, os \u00f3rg\u00e3os acompanharam os pre\u00e7os praticados nos \u00faltimos meses para comparar com o que ser\u00e1 ofertado.  <\/p>\n<p>Entre as a\u00e7\u00f5es previstas, o Procon do Distrito Federal vai fazer uma blitz durante todo o dia nos principais sites participantes da promo\u00e7\u00e3o. Clientes com problemas podem telefonar no 151 ou procurar nos postos de atendimento.  <\/p>\n<p>Em S\u00e3o Paulo, o Procon far\u00e1 plant\u00e3o para atendimento de consumidores. A a\u00e7\u00e3o come\u00e7ar\u00e1 um dia antes da Black Friday a partir das 19h e continuar\u00e1 at\u00e9 a meia-noite do dia do evento. Os consumidores paulistas poder\u00e3o registrar reclama\u00e7\u00f5es pelo telefone 151, pelo site e pelas redes sociais do \u00f3rg\u00e3o. O Procon-SP criou a hashtag especial #BlackFridaynamiradoProconSP em que os internautas poder\u00e3o utilizar. No Twitter e no Facebook o cliente pode usar a hashtag e enviar o print ou o link da p\u00e1gina com o problema. Todos os casos ser\u00e3o analisados e, se necess\u00e1rio, haver\u00e1 abertura de processo administrativo.   <\/p>\n","protected":false},"excerpt":{"rendered":"<p>Os Procons de todo o Brasil est\u00e3o de olho nas promo\u00e7\u00f5es da Black Friday e v\u00e3o intensificar a fiscaliza\u00e7\u00e3o. A ideia \u00e9 evitar os abusos cometidos pelas lojas como o constatado em edi\u00e7\u00f5es anteriores do evento, principalmente em 2012, quando os consumidores relataram in\u00fameros casos de&nbsp; descumprimento de oferta e propaganda enganosa. Por isso, os \u00f3rg\u00e3os acompanharam os pre\u00e7os praticados [&hellip;]<\/p>\n","protected":false},"author":28,"featured_media":0,"comment_status":"open","ping_status":"closed","sticky":false,"template":"","format":"standard","meta":{"footnotes":""},"categories":[1],"tags":[],"class_list":["post-597","post","type-post","status-publish","format-standard","hentry","category-sem-categoria"],"_links":{"self":[{"href":"https:\/\/blogs.correiobraziliense.com.br\/consumidor\/wp-json\/wp\/v2\/posts\/597","targetHints":{"allow":["GET"]}}],"collection":[{"href":"https:\/\/blogs.correiobraziliense.com.br\/consumidor\/wp-json\/wp\/v2\/posts"}],"about":[{"href":"https:\/\/blogs.correiobraziliense.com.br\/consumidor\/wp-json\/wp\/v2\/types\/post"}],"author":[{"embeddable":true,"href":"https:\/\/blogs.correiobraziliense.com.br\/consumidor\/wp-json\/wp\/v2\/users\/28"}],"replies":[{"embeddable":true,"href":"https:\/\/blogs.correiobraziliense.com.br\/consumidor\/wp-json\/wp\/v2\/comments?post=597"}],"version-history":[{"count":1,"href":"https:\/\/blogs.correiobraziliense.com.br\/consumidor\/wp-json\/wp\/v2\/posts\/597\/revisions"}],"predecessor-version":[{"id":1165,"href":"https:\/\/blogs.correiobraziliense.com.br\/consumidor\/wp-json\/wp\/v2\/posts\/597\/revisions\/1165"}],"wp:attachment":[{"href":"https:\/\/blogs.correiobraziliense.com.br\/consumidor\/wp-json\/wp\/v2\/media?parent=597"}],"wp:term":[{"taxonomy":"category","embeddable":true,"href":"https:\/\/blogs.correiobraziliense.com.br\/consumidor\/wp-json\/wp\/v2\/categories?post=597"},{"taxonomy":"post_tag","embeddable":true,"href":"https:\/\/blogs.correiobraziliense.com.br\/consumidor\/wp-json\/wp\/v2\/tags?post=597"}],"curies":[{"name":"wp","href":"https:\/\/api.w.org\/{rel}","templated":true}]}}