{"id":596,"date":"2014-11-24T17:28:00","date_gmt":"2014-11-24T19:28:00","guid":{"rendered":"https:\/\/blogs.correiobraziliense.com.br\/consumidor\/preco_medio_da_telefonia_movel_sobe_e_vai_para_r_016\/"},"modified":"2016-05-13T19:34:47","modified_gmt":"2016-05-13T22:34:47","slug":"preco_medio_da_telefonia_movel_sobe_e_vai_para_r_016","status":"publish","type":"post","link":"https:\/\/blogs.correiobraziliense.com.br\/consumidor\/preco_medio_da_telefonia_movel_sobe_e_vai_para_r_016\/","title":{"rendered":"Pre\u00e7o m\u00e9dio da telefonia m\u00f3vel sobe e vai para R$ 0,16"},"content":{"rendered":"\n<p>A telefonia m\u00f3vel subiu 6,6% na compara\u00e7\u00e3o entre o primeiro e o segundo trimestre deste ano. Segundo levantamento divulgado pela Ag\u00eancia Nacional de Telecomunica\u00e7\u00f5es (Anatel), entre abril e junho o pre\u00e7o praticado foi de R$ 0,16 &#8211; R$ 0,01 centavo a mais do que o valor de janeiro a mar\u00e7o.  <\/p>\n<p>A Anatel leva em considera\u00e7\u00e3o o pre\u00e7o do minuto da telefonia m\u00f3vel incluindo planos pr\u00e9 e p\u00f3s-pagos. A an\u00e1lise de valores da ag\u00eancia \u00e9 feita considerando a quantidade de minutos tarifados e a receita total gerada por esse tr\u00e1fego.<\/p>\n","protected":false},"excerpt":{"rendered":"<p>A telefonia m\u00f3vel subiu 6,6% na compara\u00e7\u00e3o entre o primeiro e o segundo trimestre deste ano. Segundo levantamento divulgado pela Ag\u00eancia Nacional de Telecomunica\u00e7\u00f5es (Anatel), entre abril e junho o pre\u00e7o praticado foi de R$ 0,16 &#8211; R$ 0,01 centavo a mais do que o valor de janeiro a mar\u00e7o. A Anatel leva em considera\u00e7\u00e3o o pre\u00e7o do minuto da [&hellip;]<\/p>\n","protected":false},"author":28,"featured_media":0,"comment_status":"open","ping_status":"closed","sticky":false,"template":"","format":"standard","meta":{"footnotes":""},"categories":[1],"tags":[],"class_list":["post-596","post","type-post","status-publish","format-standard","hentry","category-sem-categoria"],"_links":{"self":[{"href":"https:\/\/blogs.correiobraziliense.com.br\/consumidor\/wp-json\/wp\/v2\/posts\/596","targetHints":{"allow":["GET"]}}],"collection":[{"href":"https:\/\/blogs.correiobraziliense.com.br\/consumidor\/wp-json\/wp\/v2\/posts"}],"about":[{"href":"https:\/\/blogs.correiobraziliense.com.br\/consumidor\/wp-json\/wp\/v2\/types\/post"}],"author":[{"embeddable":true,"href":"https:\/\/blogs.correiobraziliense.com.br\/consumidor\/wp-json\/wp\/v2\/users\/28"}],"replies":[{"embeddable":true,"href":"https:\/\/blogs.correiobraziliense.com.br\/consumidor\/wp-json\/wp\/v2\/comments?post=596"}],"version-history":[{"count":1,"href":"https:\/\/blogs.correiobraziliense.com.br\/consumidor\/wp-json\/wp\/v2\/posts\/596\/revisions"}],"predecessor-version":[{"id":1166,"href":"https:\/\/blogs.correiobraziliense.com.br\/consumidor\/wp-json\/wp\/v2\/posts\/596\/revisions\/1166"}],"wp:attachment":[{"href":"https:\/\/blogs.correiobraziliense.com.br\/consumidor\/wp-json\/wp\/v2\/media?parent=596"}],"wp:term":[{"taxonomy":"category","embeddable":true,"href":"https:\/\/blogs.correiobraziliense.com.br\/consumidor\/wp-json\/wp\/v2\/categories?post=596"},{"taxonomy":"post_tag","embeddable":true,"href":"https:\/\/blogs.correiobraziliense.com.br\/consumidor\/wp-json\/wp\/v2\/tags?post=596"}],"curies":[{"name":"wp","href":"https:\/\/api.w.org\/{rel}","templated":true}]}}