{"id":581,"date":"2014-10-09T12:14:00","date_gmt":"2014-10-09T15:14:00","guid":{"rendered":"https:\/\/blogs.correiobraziliense.com.br\/consumidor\/mercedez-benz_convoca_recall_de_954_veiculos\/"},"modified":"2014-10-09T12:14:00","modified_gmt":"2014-10-09T15:14:00","slug":"mercedez-benz_convoca_recall_de_954_veiculos","status":"publish","type":"post","link":"https:\/\/blogs.correiobraziliense.com.br\/consumidor\/mercedez-benz_convoca_recall_de_954_veiculos\/","title":{"rendered":"Mercedez-Benz convoca recall de 954 ve\u00edculos"},"content":{"rendered":"<p>&nbsp;&nbsp;&nbsp;&nbsp;&nbsp;&nbsp;&nbsp;&nbsp;&nbsp;&nbsp;&nbsp;&nbsp;&nbsp;&nbsp;&nbsp;&nbsp;&nbsp;&nbsp;&nbsp;&nbsp;&nbsp;&nbsp; <img decoding=\"async\" src=\"https:\/\/blogs.correiobraziliense.com.br\/wp-content\/uploads\/blog-consumidor\/b542c517e058118ce5a46460e1ac02af.jpg\"> <\/p>\n<p>A Mercedez-Benz convoca propriet\u00e1rios dos autom\u00f3veis Classe C, modelos C180, C200 e C250 para verifica\u00e7\u00e3o e troca da trava que conecta a coluna e a caixa de dire\u00e7\u00e3o.  <\/p>\n<p>A montadora destacou que \u201ca trava  que conecta a coluna de dire\u00e7\u00e3o com a caixa de dire\u00e7\u00e3o dos autom\u00f3veis  pode n\u00e3o estar devidamente apertada\u201d, e que \u201ca desconex\u00e3o da coluna de  dire\u00e7\u00e3o pode ocasionar a perda de dirigibilidade do ve\u00edculo, podendo  eventualmente, em casos extremos, gerar acidentes com danos f\u00edsicos aos  ocupantes do ve\u00edculo e\/ou terceiros\u201d.  <\/p>\n<p>O recall abrange 954 ve\u00edculos fabricados entre dezembro de 2013 e setembro de 2014. A numera\u00e7\u00e3o de chassi, n\u00e3o sequencial, compreende os intervalos WDDWF4CWXFR000095 a WDDWF4AW2FF096622.  <\/p>\n<p>Mais informa\u00e7\u00f5es pelo telefone 0800 970 9090 ou pelo <a href=\"www.mercedes-benz.com.br\">site<\/a>.&nbsp;   <\/p>\n","protected":false},"excerpt":{"rendered":"<p>&nbsp;&nbsp;&nbsp;&nbsp;&nbsp;&nbsp;&nbsp;&nbsp;&nbsp;&nbsp;&nbsp;&nbsp;&nbsp;&nbsp;&nbsp;&nbsp;&nbsp;&nbsp;&nbsp;&nbsp;&nbsp;&nbsp; A Mercedez-Benz convoca propriet\u00e1rios dos autom\u00f3veis Classe C, modelos C180, C200 e C250 para verifica\u00e7\u00e3o e troca da trava que conecta a coluna e a caixa de dire\u00e7\u00e3o. A montadora destacou que \u201ca trava que conecta a coluna de dire\u00e7\u00e3o com a caixa de dire\u00e7\u00e3o dos autom\u00f3veis pode n\u00e3o estar devidamente apertada\u201d, e que \u201ca desconex\u00e3o da coluna de [&hellip;]<\/p>\n","protected":false},"author":28,"featured_media":0,"comment_status":"open","ping_status":"open","sticky":false,"template":"","format":"standard","meta":{"footnotes":""},"categories":[1],"tags":[],"class_list":["post-581","post","type-post","status-publish","format-standard","hentry","category-sem-categoria"],"_links":{"self":[{"href":"https:\/\/blogs.correiobraziliense.com.br\/consumidor\/wp-json\/wp\/v2\/posts\/581","targetHints":{"allow":["GET"]}}],"collection":[{"href":"https:\/\/blogs.correiobraziliense.com.br\/consumidor\/wp-json\/wp\/v2\/posts"}],"about":[{"href":"https:\/\/blogs.correiobraziliense.com.br\/consumidor\/wp-json\/wp\/v2\/types\/post"}],"author":[{"embeddable":true,"href":"https:\/\/blogs.correiobraziliense.com.br\/consumidor\/wp-json\/wp\/v2\/users\/28"}],"replies":[{"embeddable":true,"href":"https:\/\/blogs.correiobraziliense.com.br\/consumidor\/wp-json\/wp\/v2\/comments?post=581"}],"version-history":[{"count":0,"href":"https:\/\/blogs.correiobraziliense.com.br\/consumidor\/wp-json\/wp\/v2\/posts\/581\/revisions"}],"wp:attachment":[{"href":"https:\/\/blogs.correiobraziliense.com.br\/consumidor\/wp-json\/wp\/v2\/media?parent=581"}],"wp:term":[{"taxonomy":"category","embeddable":true,"href":"https:\/\/blogs.correiobraziliense.com.br\/consumidor\/wp-json\/wp\/v2\/categories?post=581"},{"taxonomy":"post_tag","embeddable":true,"href":"https:\/\/blogs.correiobraziliense.com.br\/consumidor\/wp-json\/wp\/v2\/tags?post=581"}],"curies":[{"name":"wp","href":"https:\/\/api.w.org\/{rel}","templated":true}]}}