{"id":578,"date":"2014-10-06T15:34:00","date_gmt":"2014-10-06T18:34:00","guid":{"rendered":"https:\/\/blogs.correiobraziliense.com.br\/consumidor\/faculdades_tem_30_dias_para_apresentar_as_justificativas_das_cobrancas_\/"},"modified":"2014-10-06T15:34:00","modified_gmt":"2014-10-06T18:34:00","slug":"faculdades_tem_30_dias_para_apresentar_as_justificativas_das_cobrancas_","status":"publish","type":"post","link":"https:\/\/blogs.correiobraziliense.com.br\/consumidor\/faculdades_tem_30_dias_para_apresentar_as_justificativas_das_cobrancas_\/","title":{"rendered":"Faculdades t\u00eam 30 dias para apresentar as justificativas das cobran\u00e7as"},"content":{"rendered":"\n<p>As universidades privadas do Distrito Federal t\u00eam 30 dias para apresentar ao Minist\u00e9rio P\u00fablico do Distrito Federal e Territ\u00f3rios (MPDFT) e&nbsp; ao Minist\u00e9rio P\u00fablico Federal no DF (MPF-DF) justificativas para as cobran\u00e7as de taxas consideradas irregulares. Al\u00e9m disso, devem apresentar propostas de uniformiza\u00e7\u00e3o e precifica\u00e7\u00f5es de taxas para os servi\u00e7os extraordin\u00e1rios. <\/p>\n<p>A meta \u00e9 firmar, at\u00e9 o final deste ano, um Termo de Ajustamento de Conduta (TAC), por meio do qual as institui\u00e7\u00f5es se comprometer\u00e3o a seguir par\u00e2metros estipulados em conformidade com a legisla\u00e7\u00e3o do Minist\u00e9rio da Educa\u00e7\u00e3o (MEC) e do C\u00f3digo de Defesa do Consumidor (CDC).  <\/p>\n<p>A audi\u00eancia promovida pelo Minist\u00e9rio P\u00fablico Federal(MPF) e pelo Minist\u00e9rio P\u00fablico do Distrito Federal e Territ\u00f3rios (MPDFT) foi convocada pela procuradora da Rep\u00fablica Luciana Loureiro Oliveira e pelo promotor de Justi\u00e7a Paulo Roberto Binicheski. Participaram do encontro estudantes e representantes da Universidade Euroamericana (UniEuro), do Instituto de Educa\u00e7\u00e3o Superior de Bras\u00edlia (IESB), da Universidade Cat\u00f3lica de Bras\u00edlia (UCB), das Faculdade Est\u00e1cio, da Faciplac, da Fortium, da Faculdade Proje\u00e7\u00e3o, da UPIS e da Faculdade JK. <\/p>\n<p><a href=\"http:\/\/www.dzai.com.br\/blogconsumidor\/blog\/blogconsumidor?tv_pos_id=162770\">Faculdades privadas na mira dos Minist\u00e9rios P\u00fablicos<\/a> <\/p>\n","protected":false},"excerpt":{"rendered":"<p>As universidades privadas do Distrito Federal t\u00eam 30 dias para apresentar ao Minist\u00e9rio P\u00fablico do Distrito Federal e Territ\u00f3rios (MPDFT) e&nbsp; ao Minist\u00e9rio P\u00fablico Federal no DF (MPF-DF) justificativas para as cobran\u00e7as de taxas consideradas irregulares. Al\u00e9m disso, devem apresentar propostas de uniformiza\u00e7\u00e3o e precifica\u00e7\u00f5es de taxas para os servi\u00e7os extraordin\u00e1rios. A meta \u00e9 firmar, at\u00e9 o final deste ano, [&hellip;]<\/p>\n","protected":false},"author":28,"featured_media":0,"comment_status":"open","ping_status":"open","sticky":false,"template":"","format":"standard","meta":{"footnotes":""},"categories":[1],"tags":[],"class_list":["post-578","post","type-post","status-publish","format-standard","hentry","category-sem-categoria"],"_links":{"self":[{"href":"https:\/\/blogs.correiobraziliense.com.br\/consumidor\/wp-json\/wp\/v2\/posts\/578","targetHints":{"allow":["GET"]}}],"collection":[{"href":"https:\/\/blogs.correiobraziliense.com.br\/consumidor\/wp-json\/wp\/v2\/posts"}],"about":[{"href":"https:\/\/blogs.correiobraziliense.com.br\/consumidor\/wp-json\/wp\/v2\/types\/post"}],"author":[{"embeddable":true,"href":"https:\/\/blogs.correiobraziliense.com.br\/consumidor\/wp-json\/wp\/v2\/users\/28"}],"replies":[{"embeddable":true,"href":"https:\/\/blogs.correiobraziliense.com.br\/consumidor\/wp-json\/wp\/v2\/comments?post=578"}],"version-history":[{"count":0,"href":"https:\/\/blogs.correiobraziliense.com.br\/consumidor\/wp-json\/wp\/v2\/posts\/578\/revisions"}],"wp:attachment":[{"href":"https:\/\/blogs.correiobraziliense.com.br\/consumidor\/wp-json\/wp\/v2\/media?parent=578"}],"wp:term":[{"taxonomy":"category","embeddable":true,"href":"https:\/\/blogs.correiobraziliense.com.br\/consumidor\/wp-json\/wp\/v2\/categories?post=578"},{"taxonomy":"post_tag","embeddable":true,"href":"https:\/\/blogs.correiobraziliense.com.br\/consumidor\/wp-json\/wp\/v2\/tags?post=578"}],"curies":[{"name":"wp","href":"https:\/\/api.w.org\/{rel}","templated":true}]}}