{"id":573,"date":"2014-09-23T15:53:00","date_gmt":"2014-09-23T18:53:00","guid":{"rendered":"https:\/\/blogs.correiobraziliense.com.br\/consumidor\/inadimplencia_no_df_e_menor_do_que_media_nacional_e_regional\/"},"modified":"2014-09-23T15:53:00","modified_gmt":"2014-09-23T18:53:00","slug":"inadimplencia_no_df_e_menor_do_que_media_nacional_e_regional","status":"publish","type":"post","link":"https:\/\/blogs.correiobraziliense.com.br\/consumidor\/inadimplencia_no_df_e_menor_do_que_media_nacional_e_regional\/","title":{"rendered":"Inadimpl\u00eancia no DF \u00e9 menor do que m\u00e9dia nacional e regional"},"content":{"rendered":"\n<p>O consumidor do Distrito Federal est\u00e1 conseguindo quitar as d\u00edvidas com mais facilidade do que as pessoas de outros locais do Brasil. O brasiliense \u00e9 menos inadimplente, tem menos d\u00edvidas em aberto e possui uma m\u00e9dia de 2,168 de d\u00e9bitos em atraso.  <\/p>\n<p>De acordo com dados da C\u00e2mara dos Dirigentes Lojistas do Distrito Federal (CDL-DF) e do Servi\u00e7o de Prote\u00e7\u00e3o ao Cr\u00e9dito (SPC), a inadimpl\u00eancia na capital do pa\u00eds no m\u00eas de agosto ficou em 3,53% &#8211; abaixo da m\u00e9dia nacional (5,09%) e regional (6,35%).  <\/p>\n<p>Embora o \u00edndice tenha crescido em rela\u00e7\u00e3o ao m\u00eas de julho, quando a taxa ficou em 3,07%, os consumidores do DF t\u00eam menos d\u00e9bitos em aberto (3,64%) e possui 2,168 d\u00edvidas atrasadas.&nbsp;   <\/p>\n<p>Para o presidente da CDL-DF \u00c1lvaro Silveira J\u00fanior, a baixa inadimpl\u00eancia em um per\u00edodo de recess\u00e3o, como est\u00e1 ocorrendo agora, contribui para o empres\u00e1rio respirar mais aliviado. Ele credita a baixa taxa de inadimpl\u00eancia \u00e0 quantidade de funcion\u00e1rios p\u00fablicos e a estabilidade que eles trazem para a economia local. \u201cAl\u00e9m disso, temos a boa renda do DF, que \u00e9 a maior do pa\u00eds\u201d, explica. <\/p>\n<p> De acordo com \u00c1lvaro, a diminui\u00e7\u00e3o do acesso ao cr\u00e9dito e a forma\u00e7\u00e3o do cliente do DF tamb\u00e9m contribui para o cen\u00e1rio diferenciado da capital em rela\u00e7\u00e3o ao resto do pa\u00eds. \u201cAs pessoas est\u00e3o mais temerosas e est\u00e3o pegando menos cr\u00e9dito, como elas s\u00e3o bem informadas, preferem n\u00e3o se endividar frente a incerteza econ\u00f4mica que se vive\u201d, justifica.  <\/p>\n","protected":false},"excerpt":{"rendered":"<p>O consumidor do Distrito Federal est\u00e1 conseguindo quitar as d\u00edvidas com mais facilidade do que as pessoas de outros locais do Brasil. O brasiliense \u00e9 menos inadimplente, tem menos d\u00edvidas em aberto e possui uma m\u00e9dia de 2,168 de d\u00e9bitos em atraso. De acordo com dados da C\u00e2mara dos Dirigentes Lojistas do Distrito Federal (CDL-DF) e do Servi\u00e7o de Prote\u00e7\u00e3o [&hellip;]<\/p>\n","protected":false},"author":28,"featured_media":0,"comment_status":"open","ping_status":"open","sticky":false,"template":"","format":"standard","meta":{"footnotes":""},"categories":[1],"tags":[],"class_list":["post-573","post","type-post","status-publish","format-standard","hentry","category-sem-categoria"],"_links":{"self":[{"href":"https:\/\/blogs.correiobraziliense.com.br\/consumidor\/wp-json\/wp\/v2\/posts\/573","targetHints":{"allow":["GET"]}}],"collection":[{"href":"https:\/\/blogs.correiobraziliense.com.br\/consumidor\/wp-json\/wp\/v2\/posts"}],"about":[{"href":"https:\/\/blogs.correiobraziliense.com.br\/consumidor\/wp-json\/wp\/v2\/types\/post"}],"author":[{"embeddable":true,"href":"https:\/\/blogs.correiobraziliense.com.br\/consumidor\/wp-json\/wp\/v2\/users\/28"}],"replies":[{"embeddable":true,"href":"https:\/\/blogs.correiobraziliense.com.br\/consumidor\/wp-json\/wp\/v2\/comments?post=573"}],"version-history":[{"count":0,"href":"https:\/\/blogs.correiobraziliense.com.br\/consumidor\/wp-json\/wp\/v2\/posts\/573\/revisions"}],"wp:attachment":[{"href":"https:\/\/blogs.correiobraziliense.com.br\/consumidor\/wp-json\/wp\/v2\/media?parent=573"}],"wp:term":[{"taxonomy":"category","embeddable":true,"href":"https:\/\/blogs.correiobraziliense.com.br\/consumidor\/wp-json\/wp\/v2\/categories?post=573"},{"taxonomy":"post_tag","embeddable":true,"href":"https:\/\/blogs.correiobraziliense.com.br\/consumidor\/wp-json\/wp\/v2\/tags?post=573"}],"curies":[{"name":"wp","href":"https:\/\/api.w.org\/{rel}","templated":true}]}}