{"id":560,"date":"2014-08-20T11:38:00","date_gmt":"2014-08-20T14:38:00","guid":{"rendered":"https:\/\/blogs.correiobraziliense.com.br\/consumidor\/proteste_entra_na_justica_contra_bv_financeira_e_banco_bmg\/"},"modified":"2014-08-20T11:38:00","modified_gmt":"2014-08-20T14:38:00","slug":"proteste_entra_na_justica_contra_bv_financeira_e_banco_bmg","status":"publish","type":"post","link":"https:\/\/blogs.correiobraziliense.com.br\/consumidor\/proteste_entra_na_justica_contra_bv_financeira_e_banco_bmg\/","title":{"rendered":"Proteste entra na Justi\u00e7a contra BV Financeira e Banco BMG"},"content":{"rendered":"<p>A Proteste Associa\u00e7\u00e3o de Consumidores entrou com duas a\u00e7\u00f5es civis p\u00fablicas contra o Banco BMG e BV Financeira na Justi\u00e7a paulista. A associa\u00e7\u00e3o pede indeniza\u00e7\u00e3o por danos materiais e morais coletivos a consumidores que n\u00e3o conseguiram a quita\u00e7\u00e3o antecipada de pagamento de empr\u00e9stimos, cr\u00e9dito consignado ou financiamento.&nbsp;    <\/p>\n<p>No entendimento da Proteste, a pr\u00e1tica de n\u00e3o atender ao cancelamento de contrato e o n\u00e3o envio de boleto para a quita\u00e7\u00e3o \u00e9 abusivo e viola o C\u00f3digo de Defesa do Consumidor.   <\/p>\n<p>As financeiras s\u00e3o obrigadas a dar informa\u00e7\u00f5es ao consumidor a respeito  do seu saldo devedor, valor do d\u00e9bito, saldo remanescente e a emitir  boleto para quita\u00e7\u00e3o total ou parcial do saldo devedor.    <\/p>\n<p>O outro lado  <\/p>\n<p>O Banco BMG informou que  n\u00e3o foi notificado sobre a a\u00e7\u00e3o movida pela Proteste e que apresentar\u00e1  as informa\u00e7\u00f5es solicitadas pela Justi\u00e7a quando solicitadas.  <\/p>\n<p>A BV Financeira afirmou que n\u00e3o foi notificada e n\u00e3o tem informa\u00e7\u00f5es sobre os casos do processo da Proteste. <\/p>\n","protected":false},"excerpt":{"rendered":"<p>A Proteste Associa\u00e7\u00e3o de Consumidores entrou com duas a\u00e7\u00f5es civis p\u00fablicas contra o Banco BMG e BV Financeira na Justi\u00e7a paulista. A associa\u00e7\u00e3o pede indeniza\u00e7\u00e3o por danos materiais e morais coletivos a consumidores que n\u00e3o conseguiram a quita\u00e7\u00e3o antecipada de pagamento de empr\u00e9stimos, cr\u00e9dito consignado ou financiamento.&nbsp; No entendimento da Proteste, a pr\u00e1tica de n\u00e3o atender ao cancelamento de contrato [&hellip;]<\/p>\n","protected":false},"author":28,"featured_media":0,"comment_status":"open","ping_status":"open","sticky":false,"template":"","format":"standard","meta":{"footnotes":""},"categories":[1],"tags":[],"class_list":["post-560","post","type-post","status-publish","format-standard","hentry","category-sem-categoria"],"_links":{"self":[{"href":"https:\/\/blogs.correiobraziliense.com.br\/consumidor\/wp-json\/wp\/v2\/posts\/560","targetHints":{"allow":["GET"]}}],"collection":[{"href":"https:\/\/blogs.correiobraziliense.com.br\/consumidor\/wp-json\/wp\/v2\/posts"}],"about":[{"href":"https:\/\/blogs.correiobraziliense.com.br\/consumidor\/wp-json\/wp\/v2\/types\/post"}],"author":[{"embeddable":true,"href":"https:\/\/blogs.correiobraziliense.com.br\/consumidor\/wp-json\/wp\/v2\/users\/28"}],"replies":[{"embeddable":true,"href":"https:\/\/blogs.correiobraziliense.com.br\/consumidor\/wp-json\/wp\/v2\/comments?post=560"}],"version-history":[{"count":0,"href":"https:\/\/blogs.correiobraziliense.com.br\/consumidor\/wp-json\/wp\/v2\/posts\/560\/revisions"}],"wp:attachment":[{"href":"https:\/\/blogs.correiobraziliense.com.br\/consumidor\/wp-json\/wp\/v2\/media?parent=560"}],"wp:term":[{"taxonomy":"category","embeddable":true,"href":"https:\/\/blogs.correiobraziliense.com.br\/consumidor\/wp-json\/wp\/v2\/categories?post=560"},{"taxonomy":"post_tag","embeddable":true,"href":"https:\/\/blogs.correiobraziliense.com.br\/consumidor\/wp-json\/wp\/v2\/tags?post=560"}],"curies":[{"name":"wp","href":"https:\/\/api.w.org\/{rel}","templated":true}]}}