{"id":557,"date":"2014-08-15T14:59:00","date_gmt":"2014-08-15T17:59:00","guid":{"rendered":"https:\/\/blogs.correiobraziliense.com.br\/consumidor\/procon-df_autua_126_lojas_em_operacao_dia_dos_pais\/"},"modified":"2014-08-15T14:59:00","modified_gmt":"2014-08-15T17:59:00","slug":"procon-df_autua_126_lojas_em_operacao_dia_dos_pais","status":"publish","type":"post","link":"https:\/\/blogs.correiobraziliense.com.br\/consumidor\/procon-df_autua_126_lojas_em_operacao_dia_dos_pais\/","title":{"rendered":"Procon-DF autua 126 lojas em Opera\u00e7\u00e3o Dia dos Pais"},"content":{"rendered":"<p>O Procon do Distrito Federal autuou 126 lojas durante a Opera\u00e7\u00e3o Dia dos Pais. Entre os principais problemas encontrados pelos fiscais do \u00f3rg\u00e3o est\u00e3o a falta de informa\u00e7\u00e3o sobre o pre\u00e7o do produto e as formas de pagamento, al\u00e9m de erros nas compras com cart\u00e3o de d\u00e9bito e cr\u00e9dito. <\/p>\n<p>Das autua\u00e7\u00f5es, 113 tiveram car\u00e1ter educativo ao lojista. As outras 13 s\u00e3o autos de infra\u00e7\u00e3o, o que significa que os estabelecimentos podem ser multados. Eles t\u00eam at\u00e9 a pr\u00f3xima segunda-feira (18\/8) para apresentarem defesa.  <\/p>\n<p>A fiscaliza\u00e7\u00e3o ocorreu entre os dias 4 e 8 de agosto, semana anterior ao Dia dos Pais.  <\/p>\n","protected":false},"excerpt":{"rendered":"<p>O Procon do Distrito Federal autuou 126 lojas durante a Opera\u00e7\u00e3o Dia dos Pais. Entre os principais problemas encontrados pelos fiscais do \u00f3rg\u00e3o est\u00e3o a falta de informa\u00e7\u00e3o sobre o pre\u00e7o do produto e as formas de pagamento, al\u00e9m de erros nas compras com cart\u00e3o de d\u00e9bito e cr\u00e9dito. Das autua\u00e7\u00f5es, 113 tiveram car\u00e1ter educativo ao lojista. As outras 13 [&hellip;]<\/p>\n","protected":false},"author":28,"featured_media":0,"comment_status":"open","ping_status":"open","sticky":false,"template":"","format":"standard","meta":{"footnotes":""},"categories":[1],"tags":[],"class_list":["post-557","post","type-post","status-publish","format-standard","hentry","category-sem-categoria"],"_links":{"self":[{"href":"https:\/\/blogs.correiobraziliense.com.br\/consumidor\/wp-json\/wp\/v2\/posts\/557","targetHints":{"allow":["GET"]}}],"collection":[{"href":"https:\/\/blogs.correiobraziliense.com.br\/consumidor\/wp-json\/wp\/v2\/posts"}],"about":[{"href":"https:\/\/blogs.correiobraziliense.com.br\/consumidor\/wp-json\/wp\/v2\/types\/post"}],"author":[{"embeddable":true,"href":"https:\/\/blogs.correiobraziliense.com.br\/consumidor\/wp-json\/wp\/v2\/users\/28"}],"replies":[{"embeddable":true,"href":"https:\/\/blogs.correiobraziliense.com.br\/consumidor\/wp-json\/wp\/v2\/comments?post=557"}],"version-history":[{"count":0,"href":"https:\/\/blogs.correiobraziliense.com.br\/consumidor\/wp-json\/wp\/v2\/posts\/557\/revisions"}],"wp:attachment":[{"href":"https:\/\/blogs.correiobraziliense.com.br\/consumidor\/wp-json\/wp\/v2\/media?parent=557"}],"wp:term":[{"taxonomy":"category","embeddable":true,"href":"https:\/\/blogs.correiobraziliense.com.br\/consumidor\/wp-json\/wp\/v2\/categories?post=557"},{"taxonomy":"post_tag","embeddable":true,"href":"https:\/\/blogs.correiobraziliense.com.br\/consumidor\/wp-json\/wp\/v2\/tags?post=557"}],"curies":[{"name":"wp","href":"https:\/\/api.w.org\/{rel}","templated":true}]}}