{"id":541,"date":"2014-07-04T07:47:00","date_gmt":"2014-07-04T10:47:00","guid":{"rendered":"https:\/\/blogs.correiobraziliense.com.br\/consumidor\/planos_individuais_nao_atendem_nem_ao_cliente_e_nem_ao_mercado\/"},"modified":"2014-07-04T07:47:00","modified_gmt":"2014-07-04T10:47:00","slug":"planos_individuais_nao_atendem_nem_ao_cliente_e_nem_ao_mercado","status":"publish","type":"post","link":"https:\/\/blogs.correiobraziliense.com.br\/consumidor\/planos_individuais_nao_atendem_nem_ao_cliente_e_nem_ao_mercado\/","title":{"rendered":"Planos individuais n\u00e3o atendem nem ao cliente e nem ao mercado"},"content":{"rendered":"<p>Os planos individuais brasileiros precisam ser revistos pela Ag\u00eancia Nacional de Sa\u00fade Suplementar (ANS). A parcela de clientes desse segmento \u00e9 cada dia menor no Brasil e h\u00e1 mais de 10 anos os reajustes s\u00e3o maiores do que a infla\u00e7\u00e3o. Para o exerc\u00edcio de 2014, o consumidor dessa modalidade pagar\u00e1 9,65% a mais na mensalidade, o aumento mais significativo desde 2005.<\/p>\n<div>\n<\/div>\n<div>Atualmente, da maneira como est\u00e1 configurado, os planos individuais n\u00e3o s\u00e3o interessantes nem para as empresas, nem para os clientes. As operadoras tentam empurrar os planos coletivos aos consumidores. Algumas chegam a propor que o cliente abra uma empresa como <a href=\"http:\/\/www.dzai.com.br\/blogconsumidor\/blog\/blogconsumidor?tv_pos_id=134498\">microempreendedor<\/a> individual. O interesse das companhias \u00e9 fugir dos reajustes fixados pela ANS. No caso dos planos coletivos, a ANS s\u00f3 interfere no \u00edndice para planos com menos de 30 vidas. Acima dessa quantidade de benefici\u00e1rios, a ag\u00eancia n\u00e3o pode ditar a porcentagem de reajuste.<\/div>\n<div>\n<\/div>\n<div>Por\u00e9m, &nbsp;o cliente que estaria protegido pela ag\u00eancia por meio de um plano individual tamb\u00e9m n\u00e3o tem visto um papel incisivo da ANS no controle dos pre\u00e7os dessa modalidade de plano, o que assiste s\u00e3o pre\u00e7os acima da infla\u00e7\u00e3o e um servi\u00e7o cada dia menos satisfat\u00f3rio. A cartela de clientes de planos individuais corresponde a 17,4% dos benefici\u00e1rios de planos de sa\u00fade no Brasil.<\/div>\n","protected":false},"excerpt":{"rendered":"<p>Os planos individuais brasileiros precisam ser revistos pela Ag\u00eancia Nacional de Sa\u00fade Suplementar (ANS). A parcela de clientes desse segmento \u00e9 cada dia menor no Brasil e h\u00e1 mais de 10 anos os reajustes s\u00e3o maiores do que a infla\u00e7\u00e3o. Para o exerc\u00edcio de 2014, o consumidor dessa modalidade pagar\u00e1 9,65% a mais na mensalidade, o aumento mais significativo desde [&hellip;]<\/p>\n","protected":false},"author":28,"featured_media":0,"comment_status":"open","ping_status":"open","sticky":false,"template":"","format":"standard","meta":{"footnotes":""},"categories":[1],"tags":[],"class_list":["post-541","post","type-post","status-publish","format-standard","hentry","category-sem-categoria"],"_links":{"self":[{"href":"https:\/\/blogs.correiobraziliense.com.br\/consumidor\/wp-json\/wp\/v2\/posts\/541","targetHints":{"allow":["GET"]}}],"collection":[{"href":"https:\/\/blogs.correiobraziliense.com.br\/consumidor\/wp-json\/wp\/v2\/posts"}],"about":[{"href":"https:\/\/blogs.correiobraziliense.com.br\/consumidor\/wp-json\/wp\/v2\/types\/post"}],"author":[{"embeddable":true,"href":"https:\/\/blogs.correiobraziliense.com.br\/consumidor\/wp-json\/wp\/v2\/users\/28"}],"replies":[{"embeddable":true,"href":"https:\/\/blogs.correiobraziliense.com.br\/consumidor\/wp-json\/wp\/v2\/comments?post=541"}],"version-history":[{"count":0,"href":"https:\/\/blogs.correiobraziliense.com.br\/consumidor\/wp-json\/wp\/v2\/posts\/541\/revisions"}],"wp:attachment":[{"href":"https:\/\/blogs.correiobraziliense.com.br\/consumidor\/wp-json\/wp\/v2\/media?parent=541"}],"wp:term":[{"taxonomy":"category","embeddable":true,"href":"https:\/\/blogs.correiobraziliense.com.br\/consumidor\/wp-json\/wp\/v2\/categories?post=541"},{"taxonomy":"post_tag","embeddable":true,"href":"https:\/\/blogs.correiobraziliense.com.br\/consumidor\/wp-json\/wp\/v2\/tags?post=541"}],"curies":[{"name":"wp","href":"https:\/\/api.w.org\/{rel}","templated":true}]}}