{"id":539,"date":"2014-06-27T19:35:00","date_gmt":"2014-06-27T22:35:00","guid":{"rendered":"https:\/\/blogs.correiobraziliense.com.br\/consumidor\/entenda_as_mudancas_da_lei_dos_planos_de_saude\/"},"modified":"2014-06-27T19:35:00","modified_gmt":"2014-06-27T22:35:00","slug":"entenda_as_mudancas_da_lei_dos_planos_de_saude","status":"publish","type":"post","link":"https:\/\/blogs.correiobraziliense.com.br\/consumidor\/entenda_as_mudancas_da_lei_dos_planos_de_saude\/","title":{"rendered":"Entenda as mudan\u00e7as da lei dos planos de sa\u00fade"},"content":{"rendered":"<p>Daqui a seis meses come\u00e7am a valer as novas regras de contratos para as operadoras de planos de sa\u00fade. Embora a lei tenha sido publicada no Di\u00e1rio Oficial da Uni\u00e3o na \u00faltima quarta-feira, as normas s\u00f3 valer\u00e3o depois que a Ag\u00eancia Nacional de Sa\u00fade Suplementar (ANS) regulamentar a mat\u00e9ria e a ag\u00eancia tem 180 dias para isso.  <\/p>\n<p>Muitas das quest\u00f5es trazidas na nova lei j\u00e1 est\u00e3o previstas em regulamenta\u00e7\u00f5es da ANS, como a obrigatoriedade do contrato escrito.  <\/p>\n<p>Dos itens trazidos pelo texto da lei, a mudan\u00e7a realmente efetiva para o consumidor foi a obrigatoriedade das operadoras de planos de sa\u00fade de avisarem ao cliente mudan\u00e7as na rede de atendimento. Assim, caso haja um descredenciamento de hospital, cl\u00ednica ou m\u00e9dico, o cliente deve ser avisado com 30 dias de anteced\u00eancia do in\u00edcio das mudan\u00e7as. Al\u00e9m disso, no comunicado, a empresa ainda precisa informar qual novo estabelecimento atender\u00e1 no lugar daquele.  <\/p>\n<p>Atualmente, a operadora precisa comunicar \u00e0 ANS apenas o descredenciamento de hospitais. Cl\u00ednicas e profissionais est\u00e3o fora da obriga\u00e7\u00e3o. E, para o consumidor, o plano de sa\u00fade n\u00e3o precisa enviar comunicado sobre a modifica\u00e7\u00e3o na rede de atendimento.  <\/p>\n<p>Mudan\u00e7as entre pessoas jur\u00eddicas  <\/p>\n<p>O que realmente muda \u00e9 a rela\u00e7\u00e3o entre empresa e o prestador de servi\u00e7o. Antes, os contratos entre os estabelecimentos, como hospitais e cl\u00ednicas, e a operadora era baseada no livre mercado. Agora, a ANS vai intermediar essa negocia\u00e7\u00e3o. Assim, caso um acordo entre as partes n\u00e3o seja alcan\u00e7ado, a ANS ter\u00e1 de definir o reajuste.  <\/p>\n<p>Al\u00e9m disso, a fixa\u00e7\u00e3o de pre\u00e7os e o reajuste dever\u00e3o ser feitos no primeiro trimestre de cada ano.  <\/p>\n<p>O Conselho Federal de Medicina comemorou a mudan\u00e7a por entender que a possibilidade de intervan\u00e7\u00e3o da ANS vai evitar cl\u00e1usulas abusivas. A Federa\u00e7\u00e3o Nacional de Sa\u00fade Suplementar (FenaSa\u00fade), que re\u00fane 17 grupos empresariais, lamentou a edi\u00e7\u00e3o da lei. A entidade alega que o prazo definido e a intermedia\u00e7\u00e3o da ag\u00eancia inibe a concorr\u00eancia e pode n\u00e3o acompanhar os aumentos progressivos dos custos m\u00e9dico-hospitalares.&nbsp;   <\/p>\n","protected":false},"excerpt":{"rendered":"<p>Daqui a seis meses come\u00e7am a valer as novas regras de contratos para as operadoras de planos de sa\u00fade. Embora a lei tenha sido publicada no Di\u00e1rio Oficial da Uni\u00e3o na \u00faltima quarta-feira, as normas s\u00f3 valer\u00e3o depois que a Ag\u00eancia Nacional de Sa\u00fade Suplementar (ANS) regulamentar a mat\u00e9ria e a ag\u00eancia tem 180 dias para isso. Muitas das quest\u00f5es [&hellip;]<\/p>\n","protected":false},"author":28,"featured_media":0,"comment_status":"open","ping_status":"open","sticky":false,"template":"","format":"standard","meta":{"footnotes":""},"categories":[1],"tags":[],"class_list":["post-539","post","type-post","status-publish","format-standard","hentry","category-sem-categoria"],"_links":{"self":[{"href":"https:\/\/blogs.correiobraziliense.com.br\/consumidor\/wp-json\/wp\/v2\/posts\/539","targetHints":{"allow":["GET"]}}],"collection":[{"href":"https:\/\/blogs.correiobraziliense.com.br\/consumidor\/wp-json\/wp\/v2\/posts"}],"about":[{"href":"https:\/\/blogs.correiobraziliense.com.br\/consumidor\/wp-json\/wp\/v2\/types\/post"}],"author":[{"embeddable":true,"href":"https:\/\/blogs.correiobraziliense.com.br\/consumidor\/wp-json\/wp\/v2\/users\/28"}],"replies":[{"embeddable":true,"href":"https:\/\/blogs.correiobraziliense.com.br\/consumidor\/wp-json\/wp\/v2\/comments?post=539"}],"version-history":[{"count":0,"href":"https:\/\/blogs.correiobraziliense.com.br\/consumidor\/wp-json\/wp\/v2\/posts\/539\/revisions"}],"wp:attachment":[{"href":"https:\/\/blogs.correiobraziliense.com.br\/consumidor\/wp-json\/wp\/v2\/media?parent=539"}],"wp:term":[{"taxonomy":"category","embeddable":true,"href":"https:\/\/blogs.correiobraziliense.com.br\/consumidor\/wp-json\/wp\/v2\/categories?post=539"},{"taxonomy":"post_tag","embeddable":true,"href":"https:\/\/blogs.correiobraziliense.com.br\/consumidor\/wp-json\/wp\/v2\/tags?post=539"}],"curies":[{"name":"wp","href":"https:\/\/api.w.org\/{rel}","templated":true}]}}