{"id":536,"date":"2014-06-13T12:49:00","date_gmt":"2014-06-13T15:49:00","guid":{"rendered":"https:\/\/blogs.correiobraziliense.com.br\/consumidor\/risco_de_nao_acionamento_do_airbag_coloca_camaro_em_recall\/"},"modified":"2014-06-13T12:49:00","modified_gmt":"2014-06-13T15:49:00","slug":"risco_de_nao_acionamento_do_airbag_coloca_camaro_em_recall","status":"publish","type":"post","link":"https:\/\/blogs.correiobraziliense.com.br\/consumidor\/risco_de_nao_acionamento_do_airbag_coloca_camaro_em_recall\/","title":{"rendered":"Risco de n\u00e3o acionamento do airbag coloca Camaro em recall"},"content":{"rendered":"<p>&nbsp;&nbsp;&nbsp;&nbsp;&nbsp;&nbsp;&nbsp;&nbsp;&nbsp;&nbsp;&nbsp;&nbsp;&nbsp;&nbsp;&nbsp;&nbsp;&nbsp;&nbsp;&nbsp;&nbsp;&nbsp;&nbsp;&nbsp;&nbsp;&nbsp; <img decoding=\"async\" src=\"https:\/\/blogs.correiobraziliense.com.br\/wp-content\/uploads\/blog-consumidor\/69556936d1d65849bb1474d46014254c.jpg\"> <\/p>\n<p>Propriet\u00e1rios de ve\u00edculos modelo Camaro, fabricados em 2012, devem procurar as concession\u00e1rias da General Motors (GM) a partir da pr\u00f3xima ter\u00e7a-feira (17\/6) para substitu\u00edrem uma pe\u00e7a do airbag do lado do motorista. <\/p>\n<p>Segundo a GM, o conector do chicote do airbag frontal precisa ser trocado para que o airbag seja inflado em caso de colis\u00e3o.  <\/p>\n<p>Os chassis envolvidos no recall s\u00e3o os de  C9168246 a C9206504.  <\/p>\n<p>Mais informa\u00e7\u00f5es pelo telefone 0800 702 4200 ou no<a href=\"http:\/\/www.chevrolet.com.br\/\"> site da empresa<\/a>. <\/p>\n","protected":false},"excerpt":{"rendered":"<p>&nbsp;&nbsp;&nbsp;&nbsp;&nbsp;&nbsp;&nbsp;&nbsp;&nbsp;&nbsp;&nbsp;&nbsp;&nbsp;&nbsp;&nbsp;&nbsp;&nbsp;&nbsp;&nbsp;&nbsp;&nbsp;&nbsp;&nbsp;&nbsp;&nbsp; Propriet\u00e1rios de ve\u00edculos modelo Camaro, fabricados em 2012, devem procurar as concession\u00e1rias da General Motors (GM) a partir da pr\u00f3xima ter\u00e7a-feira (17\/6) para substitu\u00edrem uma pe\u00e7a do airbag do lado do motorista. Segundo a GM, o conector do chicote do airbag frontal precisa ser trocado para que o airbag seja inflado em caso de colis\u00e3o. Os chassis envolvidos no [&hellip;]<\/p>\n","protected":false},"author":28,"featured_media":0,"comment_status":"open","ping_status":"open","sticky":false,"template":"","format":"standard","meta":{"footnotes":""},"categories":[1],"tags":[],"class_list":["post-536","post","type-post","status-publish","format-standard","hentry","category-sem-categoria"],"_links":{"self":[{"href":"https:\/\/blogs.correiobraziliense.com.br\/consumidor\/wp-json\/wp\/v2\/posts\/536","targetHints":{"allow":["GET"]}}],"collection":[{"href":"https:\/\/blogs.correiobraziliense.com.br\/consumidor\/wp-json\/wp\/v2\/posts"}],"about":[{"href":"https:\/\/blogs.correiobraziliense.com.br\/consumidor\/wp-json\/wp\/v2\/types\/post"}],"author":[{"embeddable":true,"href":"https:\/\/blogs.correiobraziliense.com.br\/consumidor\/wp-json\/wp\/v2\/users\/28"}],"replies":[{"embeddable":true,"href":"https:\/\/blogs.correiobraziliense.com.br\/consumidor\/wp-json\/wp\/v2\/comments?post=536"}],"version-history":[{"count":0,"href":"https:\/\/blogs.correiobraziliense.com.br\/consumidor\/wp-json\/wp\/v2\/posts\/536\/revisions"}],"wp:attachment":[{"href":"https:\/\/blogs.correiobraziliense.com.br\/consumidor\/wp-json\/wp\/v2\/media?parent=536"}],"wp:term":[{"taxonomy":"category","embeddable":true,"href":"https:\/\/blogs.correiobraziliense.com.br\/consumidor\/wp-json\/wp\/v2\/categories?post=536"},{"taxonomy":"post_tag","embeddable":true,"href":"https:\/\/blogs.correiobraziliense.com.br\/consumidor\/wp-json\/wp\/v2\/tags?post=536"}],"curies":[{"name":"wp","href":"https:\/\/api.w.org\/{rel}","templated":true}]}}