{"id":535,"date":"2014-06-13T09:00:00","date_gmt":"2014-06-13T12:00:00","guid":{"rendered":"https:\/\/blogs.correiobraziliense.com.br\/consumidor\/plasutil_comunica_recall_de_cadeira_\/"},"modified":"2014-06-13T09:00:00","modified_gmt":"2014-06-13T12:00:00","slug":"plasutil_comunica_recall_de_cadeira_","status":"publish","type":"post","link":"https:\/\/blogs.correiobraziliense.com.br\/consumidor\/plasutil_comunica_recall_de_cadeira_\/","title":{"rendered":"Plas\u00fatil comunica recall de cadeira"},"content":{"rendered":"<p>&nbsp;&nbsp;&nbsp;&nbsp;&nbsp;&nbsp;&nbsp;&nbsp;&nbsp;&nbsp;&nbsp;&nbsp;&nbsp;&nbsp;&nbsp;&nbsp;&nbsp;&nbsp;&nbsp;&nbsp;&nbsp;&nbsp;&nbsp;&nbsp;&nbsp;&nbsp;&nbsp;&nbsp;&nbsp;&nbsp;&nbsp;&nbsp;&nbsp;&nbsp;&nbsp;&nbsp;&nbsp;&nbsp;&nbsp;&nbsp;&nbsp; <img decoding=\"async\" src=\"https:\/\/blogs.correiobraziliense.com.br\/wp-content\/uploads\/blog-consumidor\/d7f500f63df0262891f97af6ea58b7be.jpg\"> <\/p>\n<p>A Plas\u00fatil chama para recall consumidores que possuem cadeiras de pl\u00e1stico do modelo Bistr\u00f4. De acordo com a empresa, testes constataram que as cadeiras apresentam deformidade nas pernas traseiras, de modo que elas podem quebrar e at\u00e9 machucar quem sentar. <\/p>\n<p>Os consumidores devem olhar o n\u00famero de s\u00e9rie do produto para saber se o modelo participa do recall. A identifica\u00e7\u00e3o \u00e9 6027\/6002 &#8211; lote 297738\/8 e os n\u00fameros de s\u00e9rie s\u00e3o: 46.242.515 a 46.243.285\/ 46.245.154 a 46.245.177 <\/p>\n<p>O contato e mais informa\u00e7\u00f5es deve ser feito pelo<a href=\"http:\/\/www.plasutil.com.br\/plasutil\/pt\/index.php\"> site da empresa<\/a>, pelo e-mail ronaldo@plasutil.com.br ou pelos telefones (14) 4009-4953 ou 0800 170 167. <\/p>\n","protected":false},"excerpt":{"rendered":"<p>&nbsp;&nbsp;&nbsp;&nbsp;&nbsp;&nbsp;&nbsp;&nbsp;&nbsp;&nbsp;&nbsp;&nbsp;&nbsp;&nbsp;&nbsp;&nbsp;&nbsp;&nbsp;&nbsp;&nbsp;&nbsp;&nbsp;&nbsp;&nbsp;&nbsp;&nbsp;&nbsp;&nbsp;&nbsp;&nbsp;&nbsp;&nbsp;&nbsp;&nbsp;&nbsp;&nbsp;&nbsp;&nbsp;&nbsp;&nbsp;&nbsp; A Plas\u00fatil chama para recall consumidores que possuem cadeiras de pl\u00e1stico do modelo Bistr\u00f4. De acordo com a empresa, testes constataram que as cadeiras apresentam deformidade nas pernas traseiras, de modo que elas podem quebrar e at\u00e9 machucar quem sentar. Os consumidores devem olhar o n\u00famero de s\u00e9rie do produto para saber se o modelo participa do recall. A [&hellip;]<\/p>\n","protected":false},"author":28,"featured_media":0,"comment_status":"open","ping_status":"open","sticky":false,"template":"","format":"standard","meta":{"footnotes":""},"categories":[1],"tags":[],"class_list":["post-535","post","type-post","status-publish","format-standard","hentry","category-sem-categoria"],"_links":{"self":[{"href":"https:\/\/blogs.correiobraziliense.com.br\/consumidor\/wp-json\/wp\/v2\/posts\/535","targetHints":{"allow":["GET"]}}],"collection":[{"href":"https:\/\/blogs.correiobraziliense.com.br\/consumidor\/wp-json\/wp\/v2\/posts"}],"about":[{"href":"https:\/\/blogs.correiobraziliense.com.br\/consumidor\/wp-json\/wp\/v2\/types\/post"}],"author":[{"embeddable":true,"href":"https:\/\/blogs.correiobraziliense.com.br\/consumidor\/wp-json\/wp\/v2\/users\/28"}],"replies":[{"embeddable":true,"href":"https:\/\/blogs.correiobraziliense.com.br\/consumidor\/wp-json\/wp\/v2\/comments?post=535"}],"version-history":[{"count":0,"href":"https:\/\/blogs.correiobraziliense.com.br\/consumidor\/wp-json\/wp\/v2\/posts\/535\/revisions"}],"wp:attachment":[{"href":"https:\/\/blogs.correiobraziliense.com.br\/consumidor\/wp-json\/wp\/v2\/media?parent=535"}],"wp:term":[{"taxonomy":"category","embeddable":true,"href":"https:\/\/blogs.correiobraziliense.com.br\/consumidor\/wp-json\/wp\/v2\/categories?post=535"},{"taxonomy":"post_tag","embeddable":true,"href":"https:\/\/blogs.correiobraziliense.com.br\/consumidor\/wp-json\/wp\/v2\/tags?post=535"}],"curies":[{"name":"wp","href":"https:\/\/api.w.org\/{rel}","templated":true}]}}