{"id":532,"date":"2014-06-04T12:40:00","date_gmt":"2014-06-04T15:40:00","guid":{"rendered":"https:\/\/blogs.correiobraziliense.com.br\/consumidor\/dicas_para_evitar_problemas_com_o_presente_do_dia_dos_namorados\/"},"modified":"2014-06-04T12:40:00","modified_gmt":"2014-06-04T15:40:00","slug":"dicas_para_evitar_problemas_com_o_presente_do_dia_dos_namorados","status":"publish","type":"post","link":"https:\/\/blogs.correiobraziliense.com.br\/consumidor\/dicas_para_evitar_problemas_com_o_presente_do_dia_dos_namorados\/","title":{"rendered":"Dicas para evitar problemas com o presente do Dia dos Namorados"},"content":{"rendered":"\n<p>O Dia dos Namorados \u00e9 uma das datas mais esperadas pelo com\u00e9rcio. O 12 de junho se tornou a terceira em vendas no varejo, perdendo apenas para o Natal e Dia das M\u00e3es.   <\/p>\n<p>Essa correria \u00e0s lojas deve ser acompanhada dos cuidados b\u00e1sicos de consumo para evitar dor de cabe\u00e7a. N\u00e3o esque\u00e7a, por exemplo, de perguntar \u00e0 loja qual \u00e9 a pol\u00edtica de trocas. Lembre-se que o C\u00f3digo de Defesa do Consumidor assegura a troca apenas em caso de defeito. A pol\u00edtica de trocas depende de estabelecimento para estabelecimento, por isso \u00e9 bom saber se a empresa adota essa pr\u00e1tica e quais s\u00e3o os prazos.  <\/p>\n<p>Outra dica importante \u00e9 n\u00e3o aceitar pagar um valor a mais pelo boleto. Isso \u00e9 irregular.   <\/p>\n<p>Em caso de compras parceladas, confira o pre\u00e7o dos juros.  <\/p>\n<p><br style=\"font-weight: bold\">Compras online  <\/p>\n<p>S\u00f3 refor\u00e7ando: nesse tipo de compra, o consumidor pode devolver a mercadoria em at\u00e9 sete dias depois da chegada do produto sem precisar de nenhuma justificativa.   <\/p>\n<p>N\u00e3o esque\u00e7a de olhar se loja online disp\u00f5e de endere\u00e7o f\u00edsico e canal de relacionamento com o cliente. Al\u00e9m disso, fa\u00e7a uma pesquisa na internet sobre a p\u00e1gina eletr\u00f4nica: veja se t\u00eam reclama\u00e7\u00f5es, de quais tipos e como a empresa costuma resolver.  <\/p>\n<p>O Procon de S\u00e3o Paulo tem uma lista dos sites mais reclamados e que o \u00f3rg\u00e3o n\u00e3o recomenda. <a href=\"http:\/\/sistemas.procon.sp.gov.br\/evitesite\/list\/evitesites.php\">Leia aqui<\/a>  <\/p>\n<p>Boas compras e feliz Dia dos Namorados!  <\/p>\n","protected":false},"excerpt":{"rendered":"<p>O Dia dos Namorados \u00e9 uma das datas mais esperadas pelo com\u00e9rcio. O 12 de junho se tornou a terceira em vendas no varejo, perdendo apenas para o Natal e Dia das M\u00e3es. Essa correria \u00e0s lojas deve ser acompanhada dos cuidados b\u00e1sicos de consumo para evitar dor de cabe\u00e7a. N\u00e3o esque\u00e7a, por exemplo, de perguntar \u00e0 loja qual \u00e9 [&hellip;]<\/p>\n","protected":false},"author":28,"featured_media":0,"comment_status":"open","ping_status":"open","sticky":false,"template":"","format":"standard","meta":{"footnotes":""},"categories":[1],"tags":[],"class_list":["post-532","post","type-post","status-publish","format-standard","hentry","category-sem-categoria"],"_links":{"self":[{"href":"https:\/\/blogs.correiobraziliense.com.br\/consumidor\/wp-json\/wp\/v2\/posts\/532","targetHints":{"allow":["GET"]}}],"collection":[{"href":"https:\/\/blogs.correiobraziliense.com.br\/consumidor\/wp-json\/wp\/v2\/posts"}],"about":[{"href":"https:\/\/blogs.correiobraziliense.com.br\/consumidor\/wp-json\/wp\/v2\/types\/post"}],"author":[{"embeddable":true,"href":"https:\/\/blogs.correiobraziliense.com.br\/consumidor\/wp-json\/wp\/v2\/users\/28"}],"replies":[{"embeddable":true,"href":"https:\/\/blogs.correiobraziliense.com.br\/consumidor\/wp-json\/wp\/v2\/comments?post=532"}],"version-history":[{"count":0,"href":"https:\/\/blogs.correiobraziliense.com.br\/consumidor\/wp-json\/wp\/v2\/posts\/532\/revisions"}],"wp:attachment":[{"href":"https:\/\/blogs.correiobraziliense.com.br\/consumidor\/wp-json\/wp\/v2\/media?parent=532"}],"wp:term":[{"taxonomy":"category","embeddable":true,"href":"https:\/\/blogs.correiobraziliense.com.br\/consumidor\/wp-json\/wp\/v2\/categories?post=532"},{"taxonomy":"post_tag","embeddable":true,"href":"https:\/\/blogs.correiobraziliense.com.br\/consumidor\/wp-json\/wp\/v2\/tags?post=532"}],"curies":[{"name":"wp","href":"https:\/\/api.w.org\/{rel}","templated":true}]}}