{"id":530,"date":"2014-06-02T12:42:00","date_gmt":"2014-06-02T15:42:00","guid":{"rendered":"https:\/\/blogs.correiobraziliense.com.br\/consumidor\/hyundai_chama_para_recall_proprietarios_do_modelo_ix35\/"},"modified":"2014-06-02T12:42:00","modified_gmt":"2014-06-02T15:42:00","slug":"hyundai_chama_para_recall_proprietarios_do_modelo_ix35","status":"publish","type":"post","link":"https:\/\/blogs.correiobraziliense.com.br\/consumidor\/hyundai_chama_para_recall_proprietarios_do_modelo_ix35\/","title":{"rendered":"Hyundai chama para recall propriet\u00e1rios do modelo ix35"},"content":{"rendered":"\n<p>Propriet\u00e1rios de ve\u00edculos Hyundai ix35, modelos 2011 a 2013, devem procurar uma autorizada para fazerem a checagem e poss\u00edvel troca de parafusos que fixam a bolsa de airbag do condutor, montados no volante do ve\u00edculo. O recall \u00e9, exclusivamente, para os modelos importados. Os montados no Brasil n\u00e3o apresentam o defeito.  <\/p>\n<p>No comunicado, a empresa informa que existe a possibilidade dos parafusos soltarem, o que pode causar ru\u00eddo de vibra\u00e7\u00e3o dentro do volante. Assim, caso ocorra algum acidente em que a bolsa venha a se inflar, \u00e9 poss\u00edvel que a expans\u00e3o n\u00e3o ocorra de forma correta, diminuindo o amortecimento do corpo. Segundo a Hyundai, a bolsa n\u00e3o deixar\u00e1 de inflar deviado a este defeito.  <\/p>\n<p>Mais informa\u00e7\u00f5es pelo endere\u00e7o eletr\u00f4nico da <a href=\"http:\/\/www.hyundai-motor.com.br\/recalls.php\">Hyundai<\/a>. <\/p>\n<p>&nbsp;&nbsp;&nbsp;&nbsp;&nbsp;&nbsp;&nbsp;&nbsp;&nbsp;&nbsp;&nbsp;&nbsp;&nbsp;&nbsp;&nbsp;&nbsp;&nbsp;&nbsp;&nbsp;&nbsp; <img decoding=\"async\" src=\"https:\/\/blogs.correiobraziliense.com.br\/wp-content\/uploads\/blog-consumidor\/5bd5bd37a259966a7c73ae91daa9f8b7.jpg\"> <\/p>\n","protected":false},"excerpt":{"rendered":"<p>Propriet\u00e1rios de ve\u00edculos Hyundai ix35, modelos 2011 a 2013, devem procurar uma autorizada para fazerem a checagem e poss\u00edvel troca de parafusos que fixam a bolsa de airbag do condutor, montados no volante do ve\u00edculo. O recall \u00e9, exclusivamente, para os modelos importados. Os montados no Brasil n\u00e3o apresentam o defeito. No comunicado, a empresa informa que existe a possibilidade [&hellip;]<\/p>\n","protected":false},"author":28,"featured_media":0,"comment_status":"open","ping_status":"open","sticky":false,"template":"","format":"standard","meta":{"footnotes":""},"categories":[1],"tags":[],"class_list":["post-530","post","type-post","status-publish","format-standard","hentry","category-sem-categoria"],"_links":{"self":[{"href":"https:\/\/blogs.correiobraziliense.com.br\/consumidor\/wp-json\/wp\/v2\/posts\/530","targetHints":{"allow":["GET"]}}],"collection":[{"href":"https:\/\/blogs.correiobraziliense.com.br\/consumidor\/wp-json\/wp\/v2\/posts"}],"about":[{"href":"https:\/\/blogs.correiobraziliense.com.br\/consumidor\/wp-json\/wp\/v2\/types\/post"}],"author":[{"embeddable":true,"href":"https:\/\/blogs.correiobraziliense.com.br\/consumidor\/wp-json\/wp\/v2\/users\/28"}],"replies":[{"embeddable":true,"href":"https:\/\/blogs.correiobraziliense.com.br\/consumidor\/wp-json\/wp\/v2\/comments?post=530"}],"version-history":[{"count":0,"href":"https:\/\/blogs.correiobraziliense.com.br\/consumidor\/wp-json\/wp\/v2\/posts\/530\/revisions"}],"wp:attachment":[{"href":"https:\/\/blogs.correiobraziliense.com.br\/consumidor\/wp-json\/wp\/v2\/media?parent=530"}],"wp:term":[{"taxonomy":"category","embeddable":true,"href":"https:\/\/blogs.correiobraziliense.com.br\/consumidor\/wp-json\/wp\/v2\/categories?post=530"},{"taxonomy":"post_tag","embeddable":true,"href":"https:\/\/blogs.correiobraziliense.com.br\/consumidor\/wp-json\/wp\/v2\/tags?post=530"}],"curies":[{"name":"wp","href":"https:\/\/api.w.org\/{rel}","templated":true}]}}