{"id":520,"date":"2014-04-24T17:26:00","date_gmt":"2014-04-24T20:26:00","guid":{"rendered":"https:\/\/blogs.correiobraziliense.com.br\/consumidor\/jaguar_comunica_recall\/"},"modified":"2014-04-24T17:26:00","modified_gmt":"2014-04-24T20:26:00","slug":"jaguar_comunica_recall","status":"publish","type":"post","link":"https:\/\/blogs.correiobraziliense.com.br\/consumidor\/jaguar_comunica_recall\/","title":{"rendered":"Jaguar comunica recall"},"content":{"rendered":"\n<p>A Jaguar convocou hoje os propriet\u00e1rios dos ve\u00edculos Jaguar modelo XF (modelos 2013 e 2014) a comparecerem a uma concession\u00e1ria autorizada para inspe\u00e7\u00e3o e fixa\u00e7\u00e3o da abra\u00e7adeira no tubo flex\u00edvel em se necess\u00e1rio, reposicionamento e fixa\u00e7\u00e3o correta.   <\/p>\n<p>A empresa comunica que durante a montagem a abra\u00e7adeira de um dos tubos flex\u00edveis pode n\u00e3o ter sido posicionada corretamente. Nestas condi\u00e7\u00f5es, o motor pode parar com o ve\u00edculo em movimento se o tubo flex\u00edvel se soltar, ocasionando a perda do sistema de freios e dire\u00e7\u00e3o assistidos.    <\/p>\n<p>A Jaguar ressalta que o defeito pode provocar acidentes com possibilidade e danos f\u00edsicos e\/ou materiais ou ocupantes e\/ou terceiros.   <\/p>\n<p>Para mais informa\u00e7\u00f5es, a empresa disponibiliza o telefone 0800 729 1420<a href=\"clientejaguar@jaguarbrasil.com\"><\/a> e o site<a href=\"http:\/\/www.jaguarbrasil.com.br\/index.html\"> www.jaguarbrasil.com.br   <\/p>\n<p><\/a>   <\/p>\n","protected":false},"excerpt":{"rendered":"<p>A Jaguar convocou hoje os propriet\u00e1rios dos ve\u00edculos Jaguar modelo XF (modelos 2013 e 2014) a comparecerem a uma concession\u00e1ria autorizada para inspe\u00e7\u00e3o e fixa\u00e7\u00e3o da abra\u00e7adeira no tubo flex\u00edvel em se necess\u00e1rio, reposicionamento e fixa\u00e7\u00e3o correta. A empresa comunica que durante a montagem a abra\u00e7adeira de um dos tubos flex\u00edveis pode n\u00e3o ter sido posicionada corretamente. Nestas condi\u00e7\u00f5es, o [&hellip;]<\/p>\n","protected":false},"author":28,"featured_media":0,"comment_status":"open","ping_status":"open","sticky":false,"template":"","format":"standard","meta":{"footnotes":""},"categories":[1],"tags":[],"class_list":["post-520","post","type-post","status-publish","format-standard","hentry","category-sem-categoria"],"_links":{"self":[{"href":"https:\/\/blogs.correiobraziliense.com.br\/consumidor\/wp-json\/wp\/v2\/posts\/520","targetHints":{"allow":["GET"]}}],"collection":[{"href":"https:\/\/blogs.correiobraziliense.com.br\/consumidor\/wp-json\/wp\/v2\/posts"}],"about":[{"href":"https:\/\/blogs.correiobraziliense.com.br\/consumidor\/wp-json\/wp\/v2\/types\/post"}],"author":[{"embeddable":true,"href":"https:\/\/blogs.correiobraziliense.com.br\/consumidor\/wp-json\/wp\/v2\/users\/28"}],"replies":[{"embeddable":true,"href":"https:\/\/blogs.correiobraziliense.com.br\/consumidor\/wp-json\/wp\/v2\/comments?post=520"}],"version-history":[{"count":0,"href":"https:\/\/blogs.correiobraziliense.com.br\/consumidor\/wp-json\/wp\/v2\/posts\/520\/revisions"}],"wp:attachment":[{"href":"https:\/\/blogs.correiobraziliense.com.br\/consumidor\/wp-json\/wp\/v2\/media?parent=520"}],"wp:term":[{"taxonomy":"category","embeddable":true,"href":"https:\/\/blogs.correiobraziliense.com.br\/consumidor\/wp-json\/wp\/v2\/categories?post=520"},{"taxonomy":"post_tag","embeddable":true,"href":"https:\/\/blogs.correiobraziliense.com.br\/consumidor\/wp-json\/wp\/v2\/tags?post=520"}],"curies":[{"name":"wp","href":"https:\/\/api.w.org\/{rel}","templated":true}]}}