{"id":516,"date":"2014-04-14T15:03:00","date_gmt":"2014-04-14T18:03:00","guid":{"rendered":"https:\/\/blogs.correiobraziliense.com.br\/consumidor\/recall_toyota_hilux\/"},"modified":"2014-04-14T15:03:00","modified_gmt":"2014-04-14T18:03:00","slug":"recall_toyota_hilux","status":"publish","type":"post","link":"https:\/\/blogs.correiobraziliense.com.br\/consumidor\/recall_toyota_hilux\/","title":{"rendered":"Recall Toyota Hilux"},"content":{"rendered":"\n<p>Propriet\u00e1rios de ve\u00edculos Hilux, Hilux SWA e RAV4 produzidos entre junho de 2005 a mar\u00e7o de 2010 devem procurar uma autorizada da montadora Toyota para a inspe\u00e7\u00e3o e, se necess\u00e1rio, a substitui\u00e7\u00e3o do conjunto do cabo espiral do sistema do airbag.   <\/p>\n<p>A Toyota comunicou que foi detectada uma falha no componente de conex\u00e3o entre o comando do sistema de airbag e o conjunto da bolsa do airbag do lado do motorista. Se a falha ocorrer, airbag n\u00e3o ser\u00e1 acionado, colocando em risco a vida do condutor em caso de acidente.  <\/p>\n<p>A montadora alerta que se a luz de advert\u00eancia do airbag no painel do ve\u00edculo acender espontaneamento com o ve\u00edculo em movimento, ou permancer acesa por mais de seis segundo ap\u00f3s a partida do motor, o consumidor dever\u00e1, imediatamente, ir \u00e0 concession\u00e1ria para a execu\u00e7\u00e3o do reparo.  <\/p>\n<p>A campanha ser\u00e1 realizada em duas etapas: a primeira, \u00e9 a substitui\u00e7\u00e3o do conjunto do cabo espiral do sistema de airbag e a segunda, a partir de 1\u00ba de julho, a substitui\u00e7\u00e3o preventiva do conjunto de cabo espiral do sistema do airbag.   <\/p>\n<p>Mais informa\u00e7\u00f5es e agendamento pelo telefone 0800 703 0206 e pelo <a href=\"http:\/\/www.toyota.com\/\">site.<\/a>  <\/p>\n<p>&nbsp;&nbsp;&nbsp;&nbsp;&nbsp;&nbsp;&nbsp;&nbsp;&nbsp;&nbsp;&nbsp;&nbsp;&nbsp;&nbsp; <img decoding=\"async\" src=\"https:\/\/blogs.correiobraziliense.com.br\/wp-content\/uploads\/blog-consumidor\/2a31c33b3e4b528ea3d79c55521d95c3.jpg\">  <\/p>\n","protected":false},"excerpt":{"rendered":"<p>Propriet\u00e1rios de ve\u00edculos Hilux, Hilux SWA e RAV4 produzidos entre junho de 2005 a mar\u00e7o de 2010 devem procurar uma autorizada da montadora Toyota para a inspe\u00e7\u00e3o e, se necess\u00e1rio, a substitui\u00e7\u00e3o do conjunto do cabo espiral do sistema do airbag. A Toyota comunicou que foi detectada uma falha no componente de conex\u00e3o entre o comando do sistema de airbag [&hellip;]<\/p>\n","protected":false},"author":28,"featured_media":0,"comment_status":"open","ping_status":"open","sticky":false,"template":"","format":"standard","meta":{"footnotes":""},"categories":[1],"tags":[],"class_list":["post-516","post","type-post","status-publish","format-standard","hentry","category-sem-categoria"],"_links":{"self":[{"href":"https:\/\/blogs.correiobraziliense.com.br\/consumidor\/wp-json\/wp\/v2\/posts\/516","targetHints":{"allow":["GET"]}}],"collection":[{"href":"https:\/\/blogs.correiobraziliense.com.br\/consumidor\/wp-json\/wp\/v2\/posts"}],"about":[{"href":"https:\/\/blogs.correiobraziliense.com.br\/consumidor\/wp-json\/wp\/v2\/types\/post"}],"author":[{"embeddable":true,"href":"https:\/\/blogs.correiobraziliense.com.br\/consumidor\/wp-json\/wp\/v2\/users\/28"}],"replies":[{"embeddable":true,"href":"https:\/\/blogs.correiobraziliense.com.br\/consumidor\/wp-json\/wp\/v2\/comments?post=516"}],"version-history":[{"count":0,"href":"https:\/\/blogs.correiobraziliense.com.br\/consumidor\/wp-json\/wp\/v2\/posts\/516\/revisions"}],"wp:attachment":[{"href":"https:\/\/blogs.correiobraziliense.com.br\/consumidor\/wp-json\/wp\/v2\/media?parent=516"}],"wp:term":[{"taxonomy":"category","embeddable":true,"href":"https:\/\/blogs.correiobraziliense.com.br\/consumidor\/wp-json\/wp\/v2\/categories?post=516"},{"taxonomy":"post_tag","embeddable":true,"href":"https:\/\/blogs.correiobraziliense.com.br\/consumidor\/wp-json\/wp\/v2\/tags?post=516"}],"curies":[{"name":"wp","href":"https:\/\/api.w.org\/{rel}","templated":true}]}}