{"id":514,"date":"2014-04-08T17:59:00","date_gmt":"2014-04-08T20:59:00","guid":{"rendered":"https:\/\/blogs.correiobraziliense.com.br\/consumidor\/planos_de_saude_serao_obrigados_a_fazer_remocao_de_pacientes\/"},"modified":"2014-04-08T17:59:00","modified_gmt":"2014-04-08T20:59:00","slug":"planos_de_saude_serao_obrigados_a_fazer_remocao_de_pacientes","status":"publish","type":"post","link":"https:\/\/blogs.correiobraziliense.com.br\/consumidor\/planos_de_saude_serao_obrigados_a_fazer_remocao_de_pacientes\/","title":{"rendered":"Planos de sa\u00fade ser\u00e3o obrigados a fazer remo\u00e7\u00e3o de pacientes"},"content":{"rendered":"\n<p>&nbsp;&nbsp;&nbsp;&nbsp;&nbsp;&nbsp;&nbsp;&nbsp;&nbsp;&nbsp;&nbsp;&nbsp;&nbsp;&nbsp;&nbsp;&nbsp;&nbsp;&nbsp;&nbsp;&nbsp; <img decoding=\"async\" src=\"https:\/\/blogs.correiobraziliense.com.br\/wp-content\/uploads\/blog-consumidor\/79c75f5591ffe9f0e4dcd38ef5a6dcf6.jpg\"> <\/p>\n<p>Benefici\u00e1rios de planos de sa\u00fade ter\u00e3o direito \u00e0 transfer\u00eancia de hospitais paga pela operadora. A remo\u00e7\u00e3o pode ser dentro da pr\u00f3pria rede credenciada ou de pacientes que estejam na rede p\u00fablica, mas que desejam ser atendidos nos hospitais particulares credenciados ao plano. <\/p>\n<p>Por exemplo, caso uma paciente que tenha plano de sa\u00fade sofra um acidente de autom\u00f3vel e seja levado para um hospital do Sistema \u00danico de Sa\u00fade (SUS), ele pode solicitar a ida para um hospital particular credenciado pelo plano. Se a transfer\u00eancia for autorizada pelo m\u00e9dico, a operadora ter\u00e1 que custear o transporte, seja de ambul\u00e2ncia, ou com Unidade de Terapia Intensiva (UTI). O m\u00e9dico respons\u00e1vel pelo caso tamb\u00e9m determinar\u00e1 como ser\u00e1 feito o transporte.  <\/p>\n<p>A medida vale para benefici\u00e1rios de planos de sa\u00fade com segmenta\u00e7\u00e3o hospitalar,o que corresponde a 40 milh\u00f5es de pessoas. Planos ambulatoriais n\u00e3o possuem o benef\u00edcio.  <\/p>\n<p>A resolu\u00e7\u00e3o da ANS n\u00ba 347\/2014 foi publicada na sexta-feira no Di\u00e1rio Oficial da e j\u00e1 est\u00e1 valendo desde a publica\u00e7\u00e3o. <\/p>\n","protected":false},"excerpt":{"rendered":"<p>&nbsp;&nbsp;&nbsp;&nbsp;&nbsp;&nbsp;&nbsp;&nbsp;&nbsp;&nbsp;&nbsp;&nbsp;&nbsp;&nbsp;&nbsp;&nbsp;&nbsp;&nbsp;&nbsp;&nbsp; Benefici\u00e1rios de planos de sa\u00fade ter\u00e3o direito \u00e0 transfer\u00eancia de hospitais paga pela operadora. A remo\u00e7\u00e3o pode ser dentro da pr\u00f3pria rede credenciada ou de pacientes que estejam na rede p\u00fablica, mas que desejam ser atendidos nos hospitais particulares credenciados ao plano. Por exemplo, caso uma paciente que tenha plano de sa\u00fade sofra um acidente de autom\u00f3vel e seja [&hellip;]<\/p>\n","protected":false},"author":28,"featured_media":0,"comment_status":"open","ping_status":"open","sticky":false,"template":"","format":"standard","meta":{"footnotes":""},"categories":[1],"tags":[],"class_list":["post-514","post","type-post","status-publish","format-standard","hentry","category-sem-categoria"],"_links":{"self":[{"href":"https:\/\/blogs.correiobraziliense.com.br\/consumidor\/wp-json\/wp\/v2\/posts\/514","targetHints":{"allow":["GET"]}}],"collection":[{"href":"https:\/\/blogs.correiobraziliense.com.br\/consumidor\/wp-json\/wp\/v2\/posts"}],"about":[{"href":"https:\/\/blogs.correiobraziliense.com.br\/consumidor\/wp-json\/wp\/v2\/types\/post"}],"author":[{"embeddable":true,"href":"https:\/\/blogs.correiobraziliense.com.br\/consumidor\/wp-json\/wp\/v2\/users\/28"}],"replies":[{"embeddable":true,"href":"https:\/\/blogs.correiobraziliense.com.br\/consumidor\/wp-json\/wp\/v2\/comments?post=514"}],"version-history":[{"count":0,"href":"https:\/\/blogs.correiobraziliense.com.br\/consumidor\/wp-json\/wp\/v2\/posts\/514\/revisions"}],"wp:attachment":[{"href":"https:\/\/blogs.correiobraziliense.com.br\/consumidor\/wp-json\/wp\/v2\/media?parent=514"}],"wp:term":[{"taxonomy":"category","embeddable":true,"href":"https:\/\/blogs.correiobraziliense.com.br\/consumidor\/wp-json\/wp\/v2\/categories?post=514"},{"taxonomy":"post_tag","embeddable":true,"href":"https:\/\/blogs.correiobraziliense.com.br\/consumidor\/wp-json\/wp\/v2\/tags?post=514"}],"curies":[{"name":"wp","href":"https:\/\/api.w.org\/{rel}","templated":true}]}}