{"id":512,"date":"2014-04-08T11:45:00","date_gmt":"2014-04-08T14:45:00","guid":{"rendered":"https:\/\/blogs.correiobraziliense.com.br\/consumidor\/inadimplencia_cai_em_marco\/"},"modified":"2014-04-08T11:45:00","modified_gmt":"2014-04-08T14:45:00","slug":"inadimplencia_cai_em_marco","status":"publish","type":"post","link":"https:\/\/blogs.correiobraziliense.com.br\/consumidor\/inadimplencia_cai_em_marco\/","title":{"rendered":"Inadimpl\u00eancia cai em mar\u00e7o"},"content":{"rendered":"<p>A preocupa\u00e7\u00e3o do consumidor com a diminui\u00e7\u00e3o do poder de compra est\u00e1 dando sinais. Um deles \u00e9 a queda na inadimpl\u00eancia que caiu pelo terceiro m\u00eas consecutivo na compara\u00e7\u00e3o com o mesmo per\u00edodo do ano passado. O \u00edndice de mar\u00e7o fechou em 4,7% &#8211; 0,6% a menos do que em 2013.  <\/p>\n<p>O m\u00eas de mar\u00e7o fechou com 6.119 inadimplentes. No mesmo m\u00eas no ano passado, eram 7.404. Embora a queda da inadimpl\u00eancia seja um bom sinal porque indica que o consumidor est\u00e1 conseguindo quitar as d\u00edvidas, para o varejo, \u00e9 uma evid\u00eancia de que os clientes tamb\u00e9m est\u00e3o reduzindo as compras. Esse p\u00e9 no freio se d\u00e1 por causa do endividamento j\u00e1 existente e da diminui\u00e7\u00e3o do ganho real nos sal\u00e1rios.  <\/p>\n<p>Desde 2013, o desaquecimento do varejo \u00e9 sentido por lojistas de todo o Distrito Federal. Nem mesmo datas comemorativas como o Dia das M\u00e3es e Natal foram suficientes para movimentar o segmento, que sente o endividamento das fam\u00edlias. \u201cEssa queda na inadimpl\u00eancia mostra o esfriamento generalizado do varejo. Os consumidores est\u00e3o superenvididados por causa das pol\u00edticas de consumo, como redu\u00e7\u00e3o de impostos para os eletrodom\u00e9sticos da linha branca, programas como a Minha Casa, Minha Vida; e viram que j\u00e1 comprometeram muito o or\u00e7amento dom\u00e9stico, n\u00e3o d\u00e1 para gastar mais\u201d, analisa \u00c1lvaro Silveira J\u00fanior, presidente da C\u00e2mara dos Dirigentes Lojistas do Distrito Federal (CLD-DF). <\/p>\n<p>Para \u00c1lvaro, a infla\u00e7\u00e3o est\u00e1 atrapalhando o consumo. Receosas com a mudan\u00e7a de pre\u00e7os e a instabilidade econ\u00f4mica que pode levar ao desemprego, as fam\u00edlias est\u00e3o preferindo pagar as contas em aberto e n\u00e3o comprometer mais o sal\u00e1rio. \u201cE no caso da classe m\u00e9dia de Bras\u00edlia essa infla\u00e7\u00e3o \u00e9 maior do que a oficial, que est\u00e1 em 6,5%. Isso porque em Bras\u00edlia os servi\u00e7os s\u00e3o mais caros e quando sobe mais, pesa no or\u00e7amento\u201d, defende \u00c1lvaro. <\/p>\n<p>A inadimpl\u00eancia tamb\u00e9m caiu em compara\u00e7\u00e3o com fevereiro deste ano. Embora a diferen\u00e7a seja pequena, 0,2%, ela mostra que as fam\u00edlias est\u00e3o quitando as d\u00edvidas de come\u00e7o de ano, como viagens, matr\u00edculas em escolas, material escolar e os impostos. <\/p>\n","protected":false},"excerpt":{"rendered":"<p>A preocupa\u00e7\u00e3o do consumidor com a diminui\u00e7\u00e3o do poder de compra est\u00e1 dando sinais. Um deles \u00e9 a queda na inadimpl\u00eancia que caiu pelo terceiro m\u00eas consecutivo na compara\u00e7\u00e3o com o mesmo per\u00edodo do ano passado. O \u00edndice de mar\u00e7o fechou em 4,7% &#8211; 0,6% a menos do que em 2013. O m\u00eas de mar\u00e7o fechou com 6.119 inadimplentes. No [&hellip;]<\/p>\n","protected":false},"author":28,"featured_media":0,"comment_status":"open","ping_status":"open","sticky":false,"template":"","format":"standard","meta":{"footnotes":""},"categories":[1],"tags":[],"class_list":["post-512","post","type-post","status-publish","format-standard","hentry","category-sem-categoria"],"_links":{"self":[{"href":"https:\/\/blogs.correiobraziliense.com.br\/consumidor\/wp-json\/wp\/v2\/posts\/512","targetHints":{"allow":["GET"]}}],"collection":[{"href":"https:\/\/blogs.correiobraziliense.com.br\/consumidor\/wp-json\/wp\/v2\/posts"}],"about":[{"href":"https:\/\/blogs.correiobraziliense.com.br\/consumidor\/wp-json\/wp\/v2\/types\/post"}],"author":[{"embeddable":true,"href":"https:\/\/blogs.correiobraziliense.com.br\/consumidor\/wp-json\/wp\/v2\/users\/28"}],"replies":[{"embeddable":true,"href":"https:\/\/blogs.correiobraziliense.com.br\/consumidor\/wp-json\/wp\/v2\/comments?post=512"}],"version-history":[{"count":0,"href":"https:\/\/blogs.correiobraziliense.com.br\/consumidor\/wp-json\/wp\/v2\/posts\/512\/revisions"}],"wp:attachment":[{"href":"https:\/\/blogs.correiobraziliense.com.br\/consumidor\/wp-json\/wp\/v2\/media?parent=512"}],"wp:term":[{"taxonomy":"category","embeddable":true,"href":"https:\/\/blogs.correiobraziliense.com.br\/consumidor\/wp-json\/wp\/v2\/categories?post=512"},{"taxonomy":"post_tag","embeddable":true,"href":"https:\/\/blogs.correiobraziliense.com.br\/consumidor\/wp-json\/wp\/v2\/tags?post=512"}],"curies":[{"name":"wp","href":"https:\/\/api.w.org\/{rel}","templated":true}]}}