{"id":503,"date":"2014-03-19T15:33:00","date_gmt":"2014-03-19T18:33:00","guid":{"rendered":"https:\/\/blogs.correiobraziliense.com.br\/consumidor\/senado_adia_votacao_de_modernizacao_do_codigo_de_defesa_do_consumidor\/"},"modified":"2014-03-19T15:33:00","modified_gmt":"2014-03-19T18:33:00","slug":"senado_adia_votacao_de_modernizacao_do_codigo_de_defesa_do_consumidor","status":"publish","type":"post","link":"https:\/\/blogs.correiobraziliense.com.br\/consumidor\/senado_adia_votacao_de_modernizacao_do_codigo_de_defesa_do_consumidor\/","title":{"rendered":"Senado adia vota\u00e7\u00e3o de moderniza\u00e7\u00e3o do C\u00f3digo de Defesa do Consumidor"},"content":{"rendered":"\n<p>A Comiss\u00e3o de Moderniza\u00e7\u00e3o do C\u00f3digo de Defesa do Consumidor no Senado adiou para a pr\u00f3xima quarta-feira a vota\u00e7\u00e3o dos tr\u00eas projetos de lei que ser\u00e3o acrescidos \u00e0 atual legisla\u00e7\u00e3o. O senador Romero Juc\u00e1 (PMDB-RR) pediu vistas, o que foi aceito pelo presidente da comiss\u00e3o, Senador Rodrigo Rollemberg (PSB-DF).  <\/p>\n<p>De \u00faltima hora, a comiss\u00e3o incluiu no texto a mat\u00e9ria sobre o fortalecimento dos Procons, que vai permitir que os \u00f3rg\u00e3os apliquem medidas corretivas \u00e0s empresas.  <\/p>\n<p>O texto da moderniza\u00e7\u00e3o do CDC trata temas como o com\u00e9rcio eletr\u00f4nico e superendividamento, temas que, segundo o relator, senador Ricardo Ferra\u00e7o (PMDB-ES) n\u00e3o eram comuns na d\u00e9cada de 1990, quando o c\u00f3digo foi aprovado. <\/p>\n<p>Leia mais:  <\/p>\n<p><a href=\"http:\/\/www.dzai.com.br\/blogconsumidor\/blog\/blogconsumidor?tv_pos_id=143616\">Procon mais forte depende do Congresso<\/a> <\/p>\n<p><a href=\"http:\/\/www.dzai.com.br\/blogconsumidor\/blog\/blogconsumidor?tv_pos_id=112998\">Especialistas analisam mudan\u00e7as no C\u00f3digo de Defesa do Consumidor<\/a> <\/p>\n","protected":false},"excerpt":{"rendered":"<p>A Comiss\u00e3o de Moderniza\u00e7\u00e3o do C\u00f3digo de Defesa do Consumidor no Senado adiou para a pr\u00f3xima quarta-feira a vota\u00e7\u00e3o dos tr\u00eas projetos de lei que ser\u00e3o acrescidos \u00e0 atual legisla\u00e7\u00e3o. O senador Romero Juc\u00e1 (PMDB-RR) pediu vistas, o que foi aceito pelo presidente da comiss\u00e3o, Senador Rodrigo Rollemberg (PSB-DF). De \u00faltima hora, a comiss\u00e3o incluiu no texto a mat\u00e9ria sobre [&hellip;]<\/p>\n","protected":false},"author":28,"featured_media":0,"comment_status":"open","ping_status":"open","sticky":false,"template":"","format":"standard","meta":{"footnotes":""},"categories":[1],"tags":[],"class_list":["post-503","post","type-post","status-publish","format-standard","hentry","category-sem-categoria"],"_links":{"self":[{"href":"https:\/\/blogs.correiobraziliense.com.br\/consumidor\/wp-json\/wp\/v2\/posts\/503","targetHints":{"allow":["GET"]}}],"collection":[{"href":"https:\/\/blogs.correiobraziliense.com.br\/consumidor\/wp-json\/wp\/v2\/posts"}],"about":[{"href":"https:\/\/blogs.correiobraziliense.com.br\/consumidor\/wp-json\/wp\/v2\/types\/post"}],"author":[{"embeddable":true,"href":"https:\/\/blogs.correiobraziliense.com.br\/consumidor\/wp-json\/wp\/v2\/users\/28"}],"replies":[{"embeddable":true,"href":"https:\/\/blogs.correiobraziliense.com.br\/consumidor\/wp-json\/wp\/v2\/comments?post=503"}],"version-history":[{"count":0,"href":"https:\/\/blogs.correiobraziliense.com.br\/consumidor\/wp-json\/wp\/v2\/posts\/503\/revisions"}],"wp:attachment":[{"href":"https:\/\/blogs.correiobraziliense.com.br\/consumidor\/wp-json\/wp\/v2\/media?parent=503"}],"wp:term":[{"taxonomy":"category","embeddable":true,"href":"https:\/\/blogs.correiobraziliense.com.br\/consumidor\/wp-json\/wp\/v2\/categories?post=503"},{"taxonomy":"post_tag","embeddable":true,"href":"https:\/\/blogs.correiobraziliense.com.br\/consumidor\/wp-json\/wp\/v2\/tags?post=503"}],"curies":[{"name":"wp","href":"https:\/\/api.w.org\/{rel}","templated":true}]}}