{"id":499,"date":"2014-03-12T18:48:00","date_gmt":"2014-03-12T21:48:00","guid":{"rendered":"https:\/\/blogs.correiobraziliense.com.br\/consumidor\/proteste_entra_na_justica_contra_operadoras_de_celular\/"},"modified":"2014-03-12T18:48:00","modified_gmt":"2014-03-12T21:48:00","slug":"proteste_entra_na_justica_contra_operadoras_de_celular","status":"publish","type":"post","link":"https:\/\/blogs.correiobraziliense.com.br\/consumidor\/proteste_entra_na_justica_contra_operadoras_de_celular\/","title":{"rendered":"Proteste entra na justi\u00e7a contra operadoras de celular"},"content":{"rendered":"\n<p>A Proteste Associa\u00e7\u00e3o de Consumidores ingressou hoje, em Bras\u00edlia, com a\u00e7\u00f5es coletivas contra as operadoras Claro, Oi, TIM e Vivo. As a\u00e7\u00f5es fazem parte da campanha: &#8220;Em busca do 3G perdido&#8221; que teve 43 mil assinaturas.  <\/p>\n<p>A Proteste pede que as operadoras ofere\u00e7am a conex\u00e3o contratada com qualidade, sob pena de pagamento de multas. Solicita tamb\u00e9m indeniza\u00e7\u00e3o por danos morais coletivos aos consumidores prejudicados por falhas na presta\u00e7\u00e3o de servi\u00e7os, com descontos nas contas pelo per\u00edodo de um ano.  <\/p>\n<p>Tamb\u00e9m foi pedido que as operadoras sejam proibidas de vender novos planos de telefonia com 3G at\u00e9 a regulariza\u00e7\u00e3o do sistema, uma vez que as medi\u00e7\u00f5es da Ag\u00eancia Nacional de Telecomunica\u00e7\u00f5es (Anatel) t\u00eam apontado falhas em boa parte do pa\u00eds. Caso as operadoras descumpram a proibi\u00e7\u00e3o, dever\u00e3o ser multadas. <\/p>\n","protected":false},"excerpt":{"rendered":"<p>A Proteste Associa\u00e7\u00e3o de Consumidores ingressou hoje, em Bras\u00edlia, com a\u00e7\u00f5es coletivas contra as operadoras Claro, Oi, TIM e Vivo. As a\u00e7\u00f5es fazem parte da campanha: &#8220;Em busca do 3G perdido&#8221; que teve 43 mil assinaturas. A Proteste pede que as operadoras ofere\u00e7am a conex\u00e3o contratada com qualidade, sob pena de pagamento de multas. Solicita tamb\u00e9m indeniza\u00e7\u00e3o por danos morais [&hellip;]<\/p>\n","protected":false},"author":28,"featured_media":0,"comment_status":"open","ping_status":"open","sticky":false,"template":"","format":"standard","meta":{"footnotes":""},"categories":[1],"tags":[],"class_list":["post-499","post","type-post","status-publish","format-standard","hentry","category-sem-categoria"],"_links":{"self":[{"href":"https:\/\/blogs.correiobraziliense.com.br\/consumidor\/wp-json\/wp\/v2\/posts\/499","targetHints":{"allow":["GET"]}}],"collection":[{"href":"https:\/\/blogs.correiobraziliense.com.br\/consumidor\/wp-json\/wp\/v2\/posts"}],"about":[{"href":"https:\/\/blogs.correiobraziliense.com.br\/consumidor\/wp-json\/wp\/v2\/types\/post"}],"author":[{"embeddable":true,"href":"https:\/\/blogs.correiobraziliense.com.br\/consumidor\/wp-json\/wp\/v2\/users\/28"}],"replies":[{"embeddable":true,"href":"https:\/\/blogs.correiobraziliense.com.br\/consumidor\/wp-json\/wp\/v2\/comments?post=499"}],"version-history":[{"count":0,"href":"https:\/\/blogs.correiobraziliense.com.br\/consumidor\/wp-json\/wp\/v2\/posts\/499\/revisions"}],"wp:attachment":[{"href":"https:\/\/blogs.correiobraziliense.com.br\/consumidor\/wp-json\/wp\/v2\/media?parent=499"}],"wp:term":[{"taxonomy":"category","embeddable":true,"href":"https:\/\/blogs.correiobraziliense.com.br\/consumidor\/wp-json\/wp\/v2\/categories?post=499"},{"taxonomy":"post_tag","embeddable":true,"href":"https:\/\/blogs.correiobraziliense.com.br\/consumidor\/wp-json\/wp\/v2\/tags?post=499"}],"curies":[{"name":"wp","href":"https:\/\/api.w.org\/{rel}","templated":true}]}}