{"id":492,"date":"2014-02-27T06:00:00","date_gmt":"2014-02-27T09:00:00","guid":{"rendered":"https:\/\/blogs.correiobraziliense.com.br\/consumidor\/precos_de_passagens_na_copa_do_mundo_preocupam_consumidores\/"},"modified":"2014-02-27T06:00:00","modified_gmt":"2014-02-27T09:00:00","slug":"precos_de_passagens_na_copa_do_mundo_preocupam_consumidores","status":"publish","type":"post","link":"https:\/\/blogs.correiobraziliense.com.br\/consumidor\/precos_de_passagens_na_copa_do_mundo_preocupam_consumidores\/","title":{"rendered":"Pre\u00e7os de passagens na Copa do Mundo preocupam consumidores"},"content":{"rendered":"\n<p>Quando a Anac autorizou os 1.973 voos a mais para o per\u00edodo da Copa do Mundo, uma das justificativas foi o aumento da oferta para tentar conter o pre\u00e7o. As tarifas a\u00e9reas no Brasil seguem o regime de liberdade tarif\u00e1ria que vale tanto para voos nacionais quanto internacionais com origem no pa\u00eds. Assim, com mais oferta, a demanda n\u00e3o ficar\u00e1 t\u00e3o reprimida e os pre\u00e7os mais baixos. Cabe \u00e0 Anac registrar os valores dessas tarifas para an\u00e1lise e acompanhamento do mercado. A Azul e a Avianca informaram que as passagens para o mundial n\u00e3o v\u00e3o ultrapassar R$ 999 no mundial. A Gol e a TAM optaram por n\u00e3o estipular um teto m\u00e1ximo de pre\u00e7os.  <\/p>\n<p>Por\u00e9m, o consumidor que tem procurado passagens para assistir os jogos da Copa est\u00e1 assustado. Saindo de Bras\u00edlia, os trechos para cidades como S\u00e3o Paulo e Rio de Janeiro, locais da abertura e da final do torneio podem custar mais de R$ 1 mil ida e volta. Para Natal, o passageiro ter\u00e1 que desembolsar, s\u00f3 na ida, de R$ 500 a R$ 600. Procuradas pela reportagem, a TAM n\u00e3o se pronunciou sobre os pre\u00e7os e a Gol informou que apenas 10% dos trechos custam mais de R$ 500. A companhia disse que \u00e9 poss\u00edvel encontrar trechos a R$ 87,80, como Rio de Janeiro e Belo Horizonte. Simulando uma compra durante o per\u00edodo do evento, a reportagem n\u00e3o conseguiu localizar esse valor.  <\/p>\n<p>A Anac informou que tem monitorado quinzenalmente as tarifas praticadas pelas companhias para o per\u00edodo da Copa e se \u201cobservar pr\u00e1ticas abusivas comunicar\u00e1 imediatamente aos \u00f3rg\u00e3os competentes para as provid\u00eancias\u201d. A expectativa da ag\u00eancia \u00e9 que n\u00e3o haja pre\u00e7os elevados demais e que o comportamento do mercado seja parecido com o de alta temporada (fim e ano, carnaval e f\u00e9rias de julho).   <\/p>\n<p>A reportagem entrou em contato com a Secretaria Nacional do Consumidor do Minist\u00e9rio da Justi\u00e7a para saber se o \u00f3rg\u00e3o tem feito monitoramento de pre\u00e7os e se tinha alguma estrat\u00e9gia parecida como a de estipular pre\u00e7os m\u00e9dios, como fez nos hot\u00e9is no Rio de Janeiro, mas a secretaria apenas respondeu que n\u00e3o tem novidades sobre o assunto e que n\u00e3o recebeu nenhuma reclama\u00e7\u00e3o sobre os pre\u00e7os praticados pelas companhias a\u00e9reas.   <\/p>\n","protected":false},"excerpt":{"rendered":"<p>Quando a Anac autorizou os 1.973 voos a mais para o per\u00edodo da Copa do Mundo, uma das justificativas foi o aumento da oferta para tentar conter o pre\u00e7o. As tarifas a\u00e9reas no Brasil seguem o regime de liberdade tarif\u00e1ria que vale tanto para voos nacionais quanto internacionais com origem no pa\u00eds. Assim, com mais oferta, a demanda n\u00e3o ficar\u00e1 [&hellip;]<\/p>\n","protected":false},"author":28,"featured_media":0,"comment_status":"open","ping_status":"open","sticky":false,"template":"","format":"standard","meta":{"footnotes":""},"categories":[1],"tags":[],"class_list":["post-492","post","type-post","status-publish","format-standard","hentry","category-sem-categoria"],"_links":{"self":[{"href":"https:\/\/blogs.correiobraziliense.com.br\/consumidor\/wp-json\/wp\/v2\/posts\/492","targetHints":{"allow":["GET"]}}],"collection":[{"href":"https:\/\/blogs.correiobraziliense.com.br\/consumidor\/wp-json\/wp\/v2\/posts"}],"about":[{"href":"https:\/\/blogs.correiobraziliense.com.br\/consumidor\/wp-json\/wp\/v2\/types\/post"}],"author":[{"embeddable":true,"href":"https:\/\/blogs.correiobraziliense.com.br\/consumidor\/wp-json\/wp\/v2\/users\/28"}],"replies":[{"embeddable":true,"href":"https:\/\/blogs.correiobraziliense.com.br\/consumidor\/wp-json\/wp\/v2\/comments?post=492"}],"version-history":[{"count":0,"href":"https:\/\/blogs.correiobraziliense.com.br\/consumidor\/wp-json\/wp\/v2\/posts\/492\/revisions"}],"wp:attachment":[{"href":"https:\/\/blogs.correiobraziliense.com.br\/consumidor\/wp-json\/wp\/v2\/media?parent=492"}],"wp:term":[{"taxonomy":"category","embeddable":true,"href":"https:\/\/blogs.correiobraziliense.com.br\/consumidor\/wp-json\/wp\/v2\/categories?post=492"},{"taxonomy":"post_tag","embeddable":true,"href":"https:\/\/blogs.correiobraziliense.com.br\/consumidor\/wp-json\/wp\/v2\/tags?post=492"}],"curies":[{"name":"wp","href":"https:\/\/api.w.org\/{rel}","templated":true}]}}