{"id":489,"date":"2014-02-25T11:24:00","date_gmt":"2014-02-25T14:24:00","guid":{"rendered":"https:\/\/blogs.correiobraziliense.com.br\/consumidor\/anatel_diminui_preco_da_telefonia_fixa_a_partir_de_marco\/"},"modified":"2014-02-25T11:24:00","modified_gmt":"2014-02-25T14:24:00","slug":"anatel_diminui_preco_da_telefonia_fixa_a_partir_de_marco","status":"publish","type":"post","link":"https:\/\/blogs.correiobraziliense.com.br\/consumidor\/anatel_diminui_preco_da_telefonia_fixa_a_partir_de_marco\/","title":{"rendered":"Anatel diminui pre\u00e7o da telefonia fixa a partir de mar\u00e7o"},"content":{"rendered":"\n<p>A Ag\u00eancia Nacional de Telecomunica\u00e7\u00f5es (Anatel) divulgou a nova tabela de pre\u00e7os da telefonia fixa brasileira que come\u00e7a a valer a partir de mar\u00e7o deste ano. Pelos novos pre\u00e7os anunciados pela ag\u00eancia, o consumidor pode esperar queda no pre\u00e7o da fatura mensal.  <\/p>\n<p>Segundo a Anatel, os pre\u00e7os das liga\u00e7\u00f5es locais de fixo para celular v\u00e3o custar R$ 0,39 &#8211; redu\u00e7\u00e3o de seis centavos da tarifa anual. As liga\u00e7\u00f5es de fixo pra celular ter\u00e3o uma queda mais expressiva: 13 centavos. O valor passar\u00e1 de R$ 1,05 para R$ 0,92.  <\/p>\n<p>As liga\u00e7\u00f5es interurbanas com DDDs com a mesma inicial, por exemplo, entre os estados de Goi\u00e1s, Tocantins e Distrito Federal (62,63 e 61) ter\u00e3o descr\u00e9scimo de R$ 0,93 para R$ 0,80.   <\/p>\n<p>A previs\u00e3o da ag\u00eancia \u00e9 que o pre\u00e7o m\u00e9dio da conta de telefone fixo mensal do consumidor caia 10,9% &#8211; de R$ 55 para R$ 49.   <\/p>\n","protected":false},"excerpt":{"rendered":"<p>A Ag\u00eancia Nacional de Telecomunica\u00e7\u00f5es (Anatel) divulgou a nova tabela de pre\u00e7os da telefonia fixa brasileira que come\u00e7a a valer a partir de mar\u00e7o deste ano. Pelos novos pre\u00e7os anunciados pela ag\u00eancia, o consumidor pode esperar queda no pre\u00e7o da fatura mensal. Segundo a Anatel, os pre\u00e7os das liga\u00e7\u00f5es locais de fixo para celular v\u00e3o custar R$ 0,39 &#8211; redu\u00e7\u00e3o [&hellip;]<\/p>\n","protected":false},"author":28,"featured_media":0,"comment_status":"open","ping_status":"open","sticky":false,"template":"","format":"standard","meta":{"footnotes":""},"categories":[1],"tags":[],"class_list":["post-489","post","type-post","status-publish","format-standard","hentry","category-sem-categoria"],"_links":{"self":[{"href":"https:\/\/blogs.correiobraziliense.com.br\/consumidor\/wp-json\/wp\/v2\/posts\/489","targetHints":{"allow":["GET"]}}],"collection":[{"href":"https:\/\/blogs.correiobraziliense.com.br\/consumidor\/wp-json\/wp\/v2\/posts"}],"about":[{"href":"https:\/\/blogs.correiobraziliense.com.br\/consumidor\/wp-json\/wp\/v2\/types\/post"}],"author":[{"embeddable":true,"href":"https:\/\/blogs.correiobraziliense.com.br\/consumidor\/wp-json\/wp\/v2\/users\/28"}],"replies":[{"embeddable":true,"href":"https:\/\/blogs.correiobraziliense.com.br\/consumidor\/wp-json\/wp\/v2\/comments?post=489"}],"version-history":[{"count":0,"href":"https:\/\/blogs.correiobraziliense.com.br\/consumidor\/wp-json\/wp\/v2\/posts\/489\/revisions"}],"wp:attachment":[{"href":"https:\/\/blogs.correiobraziliense.com.br\/consumidor\/wp-json\/wp\/v2\/media?parent=489"}],"wp:term":[{"taxonomy":"category","embeddable":true,"href":"https:\/\/blogs.correiobraziliense.com.br\/consumidor\/wp-json\/wp\/v2\/categories?post=489"},{"taxonomy":"post_tag","embeddable":true,"href":"https:\/\/blogs.correiobraziliense.com.br\/consumidor\/wp-json\/wp\/v2\/tags?post=489"}],"curies":[{"name":"wp","href":"https:\/\/api.w.org\/{rel}","templated":true}]}}