{"id":487,"date":"2014-02-19T12:32:00","date_gmt":"2014-02-19T15:32:00","guid":{"rendered":"https:\/\/blogs.correiobraziliense.com.br\/consumidor\/111_planos_de_saude_sao_suspensos\/"},"modified":"2014-02-19T12:32:00","modified_gmt":"2014-02-19T15:32:00","slug":"111_planos_de_saude_sao_suspensos","status":"publish","type":"post","link":"https:\/\/blogs.correiobraziliense.com.br\/consumidor\/111_planos_de_saude_sao_suspensos\/","title":{"rendered":"111 planos de sa\u00fade s\u00e3o suspensos"},"content":{"rendered":"\n<p>O 8\u00ba ciclo de monitoramento da Ag\u00eancia Nacional de Sa\u00fade Suplementar (ANS) teve mais uma suspens\u00e3o. Desta vez, 47 operadoras de sa\u00fade foram punidas e a comercializa\u00e7\u00e3o de 111 planos suspensa, sendo que 83 s\u00e3o novos e 28 reincidentes do \u00faltimo ciclo. A partir do dia 21 essas empresas n\u00e3o podem vender os seus produtos ao consumidor.  <\/p>\n<p> Desde que come\u00e7ou o monitoramento em 2011, a ANS puniu as operadoras seis vezes, nas outras duas s\u00f3 n\u00e3o teve penalidade por causa das mudan\u00e7as nas regras do monitoramento.   <\/p>\n<p>O que o consumidor e as associa\u00e7\u00f5es de defesa n\u00e3o entendem \u00e9 o motivo pelo qual o servi\u00e7o n\u00e3o melhora. As entidades de classe como a Federa\u00e7\u00e3o Nacional da Sa\u00fade (Fenasa\u00fade) e a Abramge defendem mudan\u00e7as no monitoramento e afirmam que os prazos da ag\u00eancia s\u00e3o muito r\u00edgidos. Pouco se fala em solu\u00e7\u00f5es para o problema no atendimento e como solucionar as queixas dos pacientes. Um grupo de trabalho com as operadoras, a ANS e as associa\u00e7\u00f5es de consumidor tenta resolver o conflito, mas as reuni\u00f5es ainda est\u00e3o em discuss\u00f5es preliminares.   <\/p>\n<p>Em nota, a Fenasa\u00fade afirmou que &#8220;a determina\u00e7\u00e3o de prazos de atendimento estipulados no Brasil \u00e9 uma das mais restritivas do mundo. Estudos oficiais da Organiza\u00e7\u00e3o para a Coopera\u00e7\u00e3o e Desenvolvimento Econ\u00f4mico (OCDE) apontam que, em pa\u00edses como o Canad\u00e1, Austr\u00e1lia, Su\u00e9cia e Fran\u00e7a, metade da popula\u00e7\u00e3o, em m\u00e9dia, aguarda mais de quatro semanas por uma consulta com especialista&#8221;.   <\/p>\n","protected":false},"excerpt":{"rendered":"<p>O 8\u00ba ciclo de monitoramento da Ag\u00eancia Nacional de Sa\u00fade Suplementar (ANS) teve mais uma suspens\u00e3o. Desta vez, 47 operadoras de sa\u00fade foram punidas e a comercializa\u00e7\u00e3o de 111 planos suspensa, sendo que 83 s\u00e3o novos e 28 reincidentes do \u00faltimo ciclo. A partir do dia 21 essas empresas n\u00e3o podem vender os seus produtos ao consumidor. Desde que come\u00e7ou [&hellip;]<\/p>\n","protected":false},"author":28,"featured_media":0,"comment_status":"open","ping_status":"open","sticky":false,"template":"","format":"standard","meta":{"footnotes":""},"categories":[1],"tags":[],"class_list":["post-487","post","type-post","status-publish","format-standard","hentry","category-sem-categoria"],"_links":{"self":[{"href":"https:\/\/blogs.correiobraziliense.com.br\/consumidor\/wp-json\/wp\/v2\/posts\/487","targetHints":{"allow":["GET"]}}],"collection":[{"href":"https:\/\/blogs.correiobraziliense.com.br\/consumidor\/wp-json\/wp\/v2\/posts"}],"about":[{"href":"https:\/\/blogs.correiobraziliense.com.br\/consumidor\/wp-json\/wp\/v2\/types\/post"}],"author":[{"embeddable":true,"href":"https:\/\/blogs.correiobraziliense.com.br\/consumidor\/wp-json\/wp\/v2\/users\/28"}],"replies":[{"embeddable":true,"href":"https:\/\/blogs.correiobraziliense.com.br\/consumidor\/wp-json\/wp\/v2\/comments?post=487"}],"version-history":[{"count":0,"href":"https:\/\/blogs.correiobraziliense.com.br\/consumidor\/wp-json\/wp\/v2\/posts\/487\/revisions"}],"wp:attachment":[{"href":"https:\/\/blogs.correiobraziliense.com.br\/consumidor\/wp-json\/wp\/v2\/media?parent=487"}],"wp:term":[{"taxonomy":"category","embeddable":true,"href":"https:\/\/blogs.correiobraziliense.com.br\/consumidor\/wp-json\/wp\/v2\/categories?post=487"},{"taxonomy":"post_tag","embeddable":true,"href":"https:\/\/blogs.correiobraziliense.com.br\/consumidor\/wp-json\/wp\/v2\/tags?post=487"}],"curies":[{"name":"wp","href":"https:\/\/api.w.org\/{rel}","templated":true}]}}