{"id":485,"date":"2014-02-11T12:13:00","date_gmt":"2014-02-11T14:13:00","guid":{"rendered":"https:\/\/blogs.correiobraziliense.com.br\/consumidor\/menos_da_metade_dos_consumidores_resgataram_o_nota_legal\/"},"modified":"2014-02-11T12:13:00","modified_gmt":"2014-02-11T14:13:00","slug":"menos_da_metade_dos_consumidores_resgataram_o_nota_legal","status":"publish","type":"post","link":"https:\/\/blogs.correiobraziliense.com.br\/consumidor\/menos_da_metade_dos_consumidores_resgataram_o_nota_legal\/","title":{"rendered":"Menos da metade dos consumidores resgataram o Nota Legal"},"content":{"rendered":"\n<p>Apenas 41,8% dos contribuintes aptos a receber Nota Legal resgataram os cr\u00e9ditos para desconto nos impostos. Segundo informa\u00e7\u00f5es da Secretaria de Fazenda do Distrito Federal (SEF), dos 830 mil consumidores cadastrados, apenas 347 mil usaram o valor para abatimento no IPVA e no IPTU.    <\/p>\n<p>Da quantia dispon\u00edvel, somente 36,9% dos R$ 213 milh\u00f5es foram utilizados, totalizando R$ 78,6 milh\u00f5es. Em rela\u00e7\u00e3o ao valor m\u00e9dio resgatado por contribuinte a queda foi de 16,9%. Enquanto em 2013 cada consumidor conseguiu, em m\u00e9dia, R$ 272,72, este ano, o resgate foi de R$ 226,51.    <\/p>\n<p>&#8220;H\u00e1 duas explica\u00e7\u00f5es para essa situa\u00e7\u00e3o: primeiro acreditamos que muita gente est\u00e1 esperando o prazo para fazer o resgate em dinheiro. Em segundo, quem est\u00e1 inadimplente n\u00e3o pode abater os impostos com o cr\u00e9dito e a inadimpl\u00eancia est\u00e1 alta&#8221;, explicou M\u00e1rcia Robalinho, secret\u00e1ria adjunta da Secretaria de Fazenda.   <\/p>\n<p>De acordo com a SEF, 144 mil im\u00f3veis e 150 mil ve\u00edculos est\u00e3o com d\u00e9bito em aberto com a pasta, somando R$ 180 milh\u00f5es em d\u00edvidas.   <\/p>\n<p>&nbsp;   <\/p>\n","protected":false},"excerpt":{"rendered":"<p>Apenas 41,8% dos contribuintes aptos a receber Nota Legal resgataram os cr\u00e9ditos para desconto nos impostos. Segundo informa\u00e7\u00f5es da Secretaria de Fazenda do Distrito Federal (SEF), dos 830 mil consumidores cadastrados, apenas 347 mil usaram o valor para abatimento no IPVA e no IPTU. Da quantia dispon\u00edvel, somente 36,9% dos R$ 213 milh\u00f5es foram utilizados, totalizando R$ 78,6 milh\u00f5es. Em [&hellip;]<\/p>\n","protected":false},"author":28,"featured_media":0,"comment_status":"open","ping_status":"open","sticky":false,"template":"","format":"standard","meta":{"footnotes":""},"categories":[1],"tags":[],"class_list":["post-485","post","type-post","status-publish","format-standard","hentry","category-sem-categoria"],"_links":{"self":[{"href":"https:\/\/blogs.correiobraziliense.com.br\/consumidor\/wp-json\/wp\/v2\/posts\/485","targetHints":{"allow":["GET"]}}],"collection":[{"href":"https:\/\/blogs.correiobraziliense.com.br\/consumidor\/wp-json\/wp\/v2\/posts"}],"about":[{"href":"https:\/\/blogs.correiobraziliense.com.br\/consumidor\/wp-json\/wp\/v2\/types\/post"}],"author":[{"embeddable":true,"href":"https:\/\/blogs.correiobraziliense.com.br\/consumidor\/wp-json\/wp\/v2\/users\/28"}],"replies":[{"embeddable":true,"href":"https:\/\/blogs.correiobraziliense.com.br\/consumidor\/wp-json\/wp\/v2\/comments?post=485"}],"version-history":[{"count":0,"href":"https:\/\/blogs.correiobraziliense.com.br\/consumidor\/wp-json\/wp\/v2\/posts\/485\/revisions"}],"wp:attachment":[{"href":"https:\/\/blogs.correiobraziliense.com.br\/consumidor\/wp-json\/wp\/v2\/media?parent=485"}],"wp:term":[{"taxonomy":"category","embeddable":true,"href":"https:\/\/blogs.correiobraziliense.com.br\/consumidor\/wp-json\/wp\/v2\/categories?post=485"},{"taxonomy":"post_tag","embeddable":true,"href":"https:\/\/blogs.correiobraziliense.com.br\/consumidor\/wp-json\/wp\/v2\/tags?post=485"}],"curies":[{"name":"wp","href":"https:\/\/api.w.org\/{rel}","templated":true}]}}