{"id":484,"date":"2014-02-10T15:21:00","date_gmt":"2014-02-10T17:21:00","guid":{"rendered":"https:\/\/blogs.correiobraziliense.com.br\/consumidor\/acessos_de_ultima_hora_congestionam_pagina_do_nota_legal\/"},"modified":"2014-02-10T15:21:00","modified_gmt":"2014-02-10T17:21:00","slug":"acessos_de_ultima_hora_congestionam_pagina_do_nota_legal","status":"publish","type":"post","link":"https:\/\/blogs.correiobraziliense.com.br\/consumidor\/acessos_de_ultima_hora_congestionam_pagina_do_nota_legal\/","title":{"rendered":"Acessos de \u00faltima hora congestionam p\u00e1gina do Nota Legal"},"content":{"rendered":"\n<p>Apenas 38,2% dos consumidores participantes do Nota Legal resgataram os  cr\u00e9ditos. Como o prazo termina hoje \u00e0 meia-noite, h\u00e1 uma uma grande  procura de quem deixou para a \u00faltima hora. O resultado \u00e9 um site  congestionado. A p\u00e1gina est\u00e1 lenta e, em alguns casos, o consumidor n\u00e3o  est\u00e1 conseguindo navegar. O internauta at\u00e9 consegue digitar o CPF, mas o  site demora ou trava no momento de digitar a senha.   <\/p>\n<p> De acordo com a Secretaria de Fazenda do Distrito Federal, o site foi  programado para receber at\u00e9 11 mil acessos simult\u00e2neos. Por\u00e9m, como boa  parte do cr\u00e9dito ainda n\u00e3o foi utilizado, hoje o dia \u00e9 de correria e de  lentid\u00e3o. Segundo a pasta, apenas 31,9% do dinheiro dispon\u00edvel foi usado  &#8211; R$ 68 milh\u00f5es dos R$ 213 milh\u00f5es previstos.   <\/p>\n<p>&#8220;Nossa expectativa \u00e9 que at\u00e9 meia-noite cheguemos a R$ 100 milh\u00f5es.  No ano passado, os consumidores usaram R$ 90 milh\u00f5es&#8221;, explicou Wilson  de Paula, subsecret\u00e1rio da Receita da Secretaria de Fazenda.    <\/p>\n<p> Dos  R$ 213 milh\u00f5es dispon\u00edveis, R$ 12 milh\u00f5es podem se perder se n\u00e3o  utilizados at\u00e9 meia-noite. Isso porque esses cr\u00e9ditos sobraram do  exerc\u00edcio de 2013 e prescrevem em dois anos.   <\/p>\n<p>Benef\u00edcios  <\/p>\n<p>Contribuintes com ve\u00edculos ou im\u00f3veis em seu nome podem conseguir  descontos no Imposto sobre a Propriedade de Ve\u00edculos Automotores (IPVA)  ou Imposto sobre a Propriedade Predial e Territorial Urbana (IPTU).      <\/p>\n<p>Os consumidores  que n\u00e3o possuem carro ou im\u00f3vel podem pedir o ressarcimento em dinheiro,  que ser\u00e1 realizado em junho deste ano.     <\/p>\n<p><br style=\"font-style: italic\">Com informa\u00e7\u00f5es de Gizella Rodrigues      <\/p>\n","protected":false},"excerpt":{"rendered":"<p>Apenas 38,2% dos consumidores participantes do Nota Legal resgataram os cr\u00e9ditos. Como o prazo termina hoje \u00e0 meia-noite, h\u00e1 uma uma grande procura de quem deixou para a \u00faltima hora. O resultado \u00e9 um site congestionado. A p\u00e1gina est\u00e1 lenta e, em alguns casos, o consumidor n\u00e3o est\u00e1 conseguindo navegar. O internauta at\u00e9 consegue digitar o CPF, mas o site [&hellip;]<\/p>\n","protected":false},"author":28,"featured_media":0,"comment_status":"open","ping_status":"open","sticky":false,"template":"","format":"standard","meta":{"footnotes":""},"categories":[1],"tags":[],"class_list":["post-484","post","type-post","status-publish","format-standard","hentry","category-sem-categoria"],"_links":{"self":[{"href":"https:\/\/blogs.correiobraziliense.com.br\/consumidor\/wp-json\/wp\/v2\/posts\/484","targetHints":{"allow":["GET"]}}],"collection":[{"href":"https:\/\/blogs.correiobraziliense.com.br\/consumidor\/wp-json\/wp\/v2\/posts"}],"about":[{"href":"https:\/\/blogs.correiobraziliense.com.br\/consumidor\/wp-json\/wp\/v2\/types\/post"}],"author":[{"embeddable":true,"href":"https:\/\/blogs.correiobraziliense.com.br\/consumidor\/wp-json\/wp\/v2\/users\/28"}],"replies":[{"embeddable":true,"href":"https:\/\/blogs.correiobraziliense.com.br\/consumidor\/wp-json\/wp\/v2\/comments?post=484"}],"version-history":[{"count":0,"href":"https:\/\/blogs.correiobraziliense.com.br\/consumidor\/wp-json\/wp\/v2\/posts\/484\/revisions"}],"wp:attachment":[{"href":"https:\/\/blogs.correiobraziliense.com.br\/consumidor\/wp-json\/wp\/v2\/media?parent=484"}],"wp:term":[{"taxonomy":"category","embeddable":true,"href":"https:\/\/blogs.correiobraziliense.com.br\/consumidor\/wp-json\/wp\/v2\/categories?post=484"},{"taxonomy":"post_tag","embeddable":true,"href":"https:\/\/blogs.correiobraziliense.com.br\/consumidor\/wp-json\/wp\/v2\/tags?post=484"}],"curies":[{"name":"wp","href":"https:\/\/api.w.org\/{rel}","templated":true}]}}