{"id":482,"date":"2014-02-10T11:37:00","date_gmt":"2014-02-10T13:37:00","guid":{"rendered":"https:\/\/blogs.correiobraziliense.com.br\/consumidor\/consumidores_tem_ate_meia-noite_para_creditarem_o_nota_legal\/"},"modified":"2014-02-10T11:37:00","modified_gmt":"2014-02-10T13:37:00","slug":"consumidores_tem_ate_meia-noite_para_creditarem_o_nota_legal","status":"publish","type":"post","link":"https:\/\/blogs.correiobraziliense.com.br\/consumidor\/consumidores_tem_ate_meia-noite_para_creditarem_o_nota_legal\/","title":{"rendered":"Consumidores t\u00eam at\u00e9 meia-noite para creditarem o Nota Legal"},"content":{"rendered":"\n<p>Termina hoje \u00e0 meia-noite o prazo para os consumidores indicarem o cr\u00e9dito do Nota Legal. Contribuintes com ve\u00edculos ou im\u00f3veis em seu nome podem conseguir descontos no Imposto sobre a Propriedade de Ve\u00edculos Automotores (IPVA) ou Imposto sobre a Propriedade Predial e Territorial Urbana (IPTU).    <\/p>\n<p>De acordo com dados da Secretaria de Fazenda do Distrito Federal, 303 mil contribuintes fizeram a indica\u00e7\u00e3o, mas apenas 31,9% do cr\u00e9dito dispon\u00edvel foi utilizado &#8211; R$ 68 milh\u00f5es dos R$ 213 milh\u00f5es.   &#8220;Nossa expectativa \u00e9 que at\u00e9 meia-noite cheguemos a R$ 100 milh\u00f5es. No ano passado, os consumidores usaram R$ 90 milh\u00f5es&#8221;, explicou Wilson de Paula, subsecret\u00e1rio da Receita da Secretaria de Fazenda.  <\/p>\n<p>Dos R$ 213 milh\u00f5es dispon\u00edveis, R$ 12 milh\u00f5es podem se perder se n\u00e3o utilizados at\u00e9 meia-noite. Isso porque esses cr\u00e9ditos sobraram do exerc\u00edcio de 2013 e prescrevem em dois anos. <\/p>\n<p>Os consumidores que n\u00e3o possuem carro ou im\u00f3vel podem pedir o ressarcimento em dinheiro, que ser\u00e1 realizado em junho deste ano.   <\/p>\n<p><br style=\"font-style: italic\">Com informa\u00e7\u00f5es de Gizella Rodrigues   <\/p>\n","protected":false},"excerpt":{"rendered":"<p>Termina hoje \u00e0 meia-noite o prazo para os consumidores indicarem o cr\u00e9dito do Nota Legal. Contribuintes com ve\u00edculos ou im\u00f3veis em seu nome podem conseguir descontos no Imposto sobre a Propriedade de Ve\u00edculos Automotores (IPVA) ou Imposto sobre a Propriedade Predial e Territorial Urbana (IPTU). De acordo com dados da Secretaria de Fazenda do Distrito Federal, 303 mil contribuintes fizeram [&hellip;]<\/p>\n","protected":false},"author":28,"featured_media":0,"comment_status":"open","ping_status":"open","sticky":false,"template":"","format":"standard","meta":{"footnotes":""},"categories":[1],"tags":[],"class_list":["post-482","post","type-post","status-publish","format-standard","hentry","category-sem-categoria"],"_links":{"self":[{"href":"https:\/\/blogs.correiobraziliense.com.br\/consumidor\/wp-json\/wp\/v2\/posts\/482","targetHints":{"allow":["GET"]}}],"collection":[{"href":"https:\/\/blogs.correiobraziliense.com.br\/consumidor\/wp-json\/wp\/v2\/posts"}],"about":[{"href":"https:\/\/blogs.correiobraziliense.com.br\/consumidor\/wp-json\/wp\/v2\/types\/post"}],"author":[{"embeddable":true,"href":"https:\/\/blogs.correiobraziliense.com.br\/consumidor\/wp-json\/wp\/v2\/users\/28"}],"replies":[{"embeddable":true,"href":"https:\/\/blogs.correiobraziliense.com.br\/consumidor\/wp-json\/wp\/v2\/comments?post=482"}],"version-history":[{"count":0,"href":"https:\/\/blogs.correiobraziliense.com.br\/consumidor\/wp-json\/wp\/v2\/posts\/482\/revisions"}],"wp:attachment":[{"href":"https:\/\/blogs.correiobraziliense.com.br\/consumidor\/wp-json\/wp\/v2\/media?parent=482"}],"wp:term":[{"taxonomy":"category","embeddable":true,"href":"https:\/\/blogs.correiobraziliense.com.br\/consumidor\/wp-json\/wp\/v2\/categories?post=482"},{"taxonomy":"post_tag","embeddable":true,"href":"https:\/\/blogs.correiobraziliense.com.br\/consumidor\/wp-json\/wp\/v2\/tags?post=482"}],"curies":[{"name":"wp","href":"https:\/\/api.w.org\/{rel}","templated":true}]}}