{"id":467,"date":"2014-01-14T11:23:00","date_gmt":"2014-01-14T13:23:00","guid":{"rendered":"https:\/\/blogs.correiobraziliense.com.br\/consumidor\/nota_legal_na_compra_de_carros\/"},"modified":"2014-01-14T11:23:00","modified_gmt":"2014-01-14T13:23:00","slug":"nota_legal_na_compra_de_carros","status":"publish","type":"post","link":"https:\/\/blogs.correiobraziliense.com.br\/consumidor\/nota_legal_na_compra_de_carros\/","title":{"rendered":"Nota Legal na compra de carros"},"content":{"rendered":"\n<p>&nbsp;&nbsp;&nbsp; <img decoding=\"async\" src=\"https:\/\/blogs.correiobraziliense.com.br\/wp-content\/uploads\/blog-consumidor\/ddcc43eb3b27f96754344e888daaa221.jpg\">  <\/p>\n<p>A leitora Elaine Almeida mandou um e-mail questionando o fato de a Secretaria de Fazenda ainda n\u00e3o ter creditado no Nota Legal o valor de um carro que ela comprou em 2012. Vou aproveitar o questionamento da consumidora para explicar como funciona a nota fiscal e os cr\u00e9ditos para o programa Nota Legal.  <\/p>\n<p>Segundo informa\u00e7\u00f5es da Secretaria de Fazenda, no caso de aquisi\u00e7\u00e3o de carros 0 km, o consumidor n\u00e3o tem direito a cr\u00e9ditos, isto porque o imposto \u00e9 recolhido na f\u00e1brica, por meio de uma tributa\u00e7\u00e3o chamada de substitui\u00e7\u00e3o tribut\u00e1ria, que est\u00e1 exclu\u00edda do programa.   <\/p>\n<p>Se o consumidor comprar um carro usado, ele tem direito aos cr\u00e9ditos de Nota Legal, porque \u00e9 uma transa\u00e7\u00e3o de varejo, e o imposto \u00e9 recolhido diferente do carro zero quil\u00f4metro.   <\/p>\n","protected":false},"excerpt":{"rendered":"<p>&nbsp;&nbsp;&nbsp; A leitora Elaine Almeida mandou um e-mail questionando o fato de a Secretaria de Fazenda ainda n\u00e3o ter creditado no Nota Legal o valor de um carro que ela comprou em 2012. Vou aproveitar o questionamento da consumidora para explicar como funciona a nota fiscal e os cr\u00e9ditos para o programa Nota Legal. Segundo informa\u00e7\u00f5es da Secretaria de Fazenda, [&hellip;]<\/p>\n","protected":false},"author":28,"featured_media":0,"comment_status":"open","ping_status":"open","sticky":false,"template":"","format":"standard","meta":{"footnotes":""},"categories":[1],"tags":[],"class_list":["post-467","post","type-post","status-publish","format-standard","hentry","category-sem-categoria"],"_links":{"self":[{"href":"https:\/\/blogs.correiobraziliense.com.br\/consumidor\/wp-json\/wp\/v2\/posts\/467","targetHints":{"allow":["GET"]}}],"collection":[{"href":"https:\/\/blogs.correiobraziliense.com.br\/consumidor\/wp-json\/wp\/v2\/posts"}],"about":[{"href":"https:\/\/blogs.correiobraziliense.com.br\/consumidor\/wp-json\/wp\/v2\/types\/post"}],"author":[{"embeddable":true,"href":"https:\/\/blogs.correiobraziliense.com.br\/consumidor\/wp-json\/wp\/v2\/users\/28"}],"replies":[{"embeddable":true,"href":"https:\/\/blogs.correiobraziliense.com.br\/consumidor\/wp-json\/wp\/v2\/comments?post=467"}],"version-history":[{"count":0,"href":"https:\/\/blogs.correiobraziliense.com.br\/consumidor\/wp-json\/wp\/v2\/posts\/467\/revisions"}],"wp:attachment":[{"href":"https:\/\/blogs.correiobraziliense.com.br\/consumidor\/wp-json\/wp\/v2\/media?parent=467"}],"wp:term":[{"taxonomy":"category","embeddable":true,"href":"https:\/\/blogs.correiobraziliense.com.br\/consumidor\/wp-json\/wp\/v2\/categories?post=467"},{"taxonomy":"post_tag","embeddable":true,"href":"https:\/\/blogs.correiobraziliense.com.br\/consumidor\/wp-json\/wp\/v2\/tags?post=467"}],"curies":[{"name":"wp","href":"https:\/\/api.w.org\/{rel}","templated":true}]}}