{"id":466,"date":"2014-01-13T18:21:00","date_gmt":"2014-01-13T20:21:00","guid":{"rendered":"https:\/\/blogs.correiobraziliense.com.br\/consumidor\/45_mil_consumidores_fazem_indicacao_do_nota_legal\/"},"modified":"2014-01-13T18:21:00","modified_gmt":"2014-01-13T20:21:00","slug":"45_mil_consumidores_fazem_indicacao_do_nota_legal","status":"publish","type":"post","link":"https:\/\/blogs.correiobraziliense.com.br\/consumidor\/45_mil_consumidores_fazem_indicacao_do_nota_legal\/","title":{"rendered":"45 mil consumidores fazem indica\u00e7\u00e3o do Nota Legal"},"content":{"rendered":"\n<p>De sexta a domingo, 45 mil consumidores se posicionaram na frente do computador e&nbsp; indicaram o uso do cr\u00e9dito do Nota Legal.  <\/p>\n<p>O prazo para solicita\u00e7\u00e3o no \u00faltimo dia 10 de janeiro e termina um m\u00eas depois, 10 de fevereiro. A maior parte dos contribuintes que indicaram (73%) optou por redu\u00e7\u00e3o no Imposto sobre a Propriedade de Ve\u00edculos Automotores (IPVA), foram 33 mil pessoas e o resgate ultrapassa R$ 8,16 milh\u00f5es.  <\/p>\n<p>Para o Imposto sobre a Propriedade Predial e Territorial (IPTU) foram 7 mil indica\u00e7\u00f5es e o abatimento est\u00e1 em R$ 1,72 milh\u00f5es. Em 2014, a Fazenda disponibilizou R$ 213 milh\u00f5es referentes aos valores acumulados nos \u00faltimos dois anos. A expectativa \u00e9 que 773.669 pessoas fa\u00e7am o resgate.  <\/p>\n<p>&nbsp;Os contribuintes que n\u00e3o t\u00eam im\u00f3vel ou carro em seu nome, podem pedir o valor em dinheiro a partir de junho.  <\/p>\n<p>Segundo a SEF, os hor\u00e1rios anteriores \u00e0s 9h, entre 15h e 18h e ap\u00f3s \u00e0s 22h tem o menor fluxo de acessos, por isso, a chance da p\u00e1gina cair \u00e9 menor. O site do Nota Legal suporta at\u00e9 11 mil acessos simult\u00e2neos.  <\/p>\n","protected":false},"excerpt":{"rendered":"<p>De sexta a domingo, 45 mil consumidores se posicionaram na frente do computador e&nbsp; indicaram o uso do cr\u00e9dito do Nota Legal. O prazo para solicita\u00e7\u00e3o no \u00faltimo dia 10 de janeiro e termina um m\u00eas depois, 10 de fevereiro. A maior parte dos contribuintes que indicaram (73%) optou por redu\u00e7\u00e3o no Imposto sobre a Propriedade de Ve\u00edculos Automotores (IPVA), [&hellip;]<\/p>\n","protected":false},"author":28,"featured_media":0,"comment_status":"open","ping_status":"open","sticky":false,"template":"","format":"standard","meta":{"footnotes":""},"categories":[1],"tags":[],"class_list":["post-466","post","type-post","status-publish","format-standard","hentry","category-sem-categoria"],"_links":{"self":[{"href":"https:\/\/blogs.correiobraziliense.com.br\/consumidor\/wp-json\/wp\/v2\/posts\/466","targetHints":{"allow":["GET"]}}],"collection":[{"href":"https:\/\/blogs.correiobraziliense.com.br\/consumidor\/wp-json\/wp\/v2\/posts"}],"about":[{"href":"https:\/\/blogs.correiobraziliense.com.br\/consumidor\/wp-json\/wp\/v2\/types\/post"}],"author":[{"embeddable":true,"href":"https:\/\/blogs.correiobraziliense.com.br\/consumidor\/wp-json\/wp\/v2\/users\/28"}],"replies":[{"embeddable":true,"href":"https:\/\/blogs.correiobraziliense.com.br\/consumidor\/wp-json\/wp\/v2\/comments?post=466"}],"version-history":[{"count":0,"href":"https:\/\/blogs.correiobraziliense.com.br\/consumidor\/wp-json\/wp\/v2\/posts\/466\/revisions"}],"wp:attachment":[{"href":"https:\/\/blogs.correiobraziliense.com.br\/consumidor\/wp-json\/wp\/v2\/media?parent=466"}],"wp:term":[{"taxonomy":"category","embeddable":true,"href":"https:\/\/blogs.correiobraziliense.com.br\/consumidor\/wp-json\/wp\/v2\/categories?post=466"},{"taxonomy":"post_tag","embeddable":true,"href":"https:\/\/blogs.correiobraziliense.com.br\/consumidor\/wp-json\/wp\/v2\/tags?post=466"}],"curies":[{"name":"wp","href":"https:\/\/api.w.org\/{rel}","templated":true}]}}