{"id":452,"date":"2013-12-16T22:02:00","date_gmt":"2013-12-17T00:02:00","guid":{"rendered":"https:\/\/blogs.correiobraziliense.com.br\/consumidor\/fique_de_olho_nas_taxas_escolares\/"},"modified":"2013-12-16T22:02:00","modified_gmt":"2013-12-17T00:02:00","slug":"fique_de_olho_nas_taxas_escolares","status":"publish","type":"post","link":"https:\/\/blogs.correiobraziliense.com.br\/consumidor\/fique_de_olho_nas_taxas_escolares\/","title":{"rendered":"Fique de olho nas taxas escolares"},"content":{"rendered":"\n<p>Fim de ano \u00e9 hora de renovar as matr\u00edculas escolares para o pr\u00f3ximo ano. Neste per\u00edodo, \u00e9 importante ficar atento \u00e0s taxas cobradas pelas institui\u00e7\u00f5es de ensino, muitas s\u00e3o consideradas irregulares e n\u00e3o devem ser pagas. <\/p>\n<p>A taxa de reserva de vaga ou de matr\u00edcula, por exemplo, at\u00e9 pode ser cobrada, mas este valor tem que fazer parte da anuidade. O que significa que deve ser descontado ou na primeira mensalidade ou no valor da matr\u00edcula. Lembre-se: de acordo com a Lei de Mensalidades, o estudante n\u00e3o pode pagar mais de 12 parcelas mensais para servi\u00e7os educacionais. <\/p>\n<p>A tarifa de emiss\u00e3o de boleto banc\u00e1rio ou carn\u00ea \u00e9 abusiva e ilegal, mesmo que conste no contrato. <\/p>\n<p>Na tentativa de amenizar as cobran\u00e7as ilegais, \u00f3rg\u00e3os de defesa do consumidor e os minist\u00e9rios p\u00fablicos t\u00eam fiscalizado as institui\u00e7\u00f5es de ensino e feito recomenda\u00e7\u00f5es. O Minist\u00e9rio P\u00fablico Federal em Goi\u00e1s, por exemplo, conseguiu proibir que 17 institui\u00e7\u00f5es de ensino superior cobrassem pela emiss\u00e3o, em primeira via, de documentos que comprovassem a situa\u00e7\u00e3o acad\u00eamica.  <\/p>\n<p>No DF, o Minist\u00e9rio P\u00fablico do Distrito Federal e Territ\u00f3rios, recomendou que as escolas particulares n\u00e3o cobrem taxa extra para atender alunos com necessidades especiais.  <\/p>\n","protected":false},"excerpt":{"rendered":"<p>Fim de ano \u00e9 hora de renovar as matr\u00edculas escolares para o pr\u00f3ximo ano. Neste per\u00edodo, \u00e9 importante ficar atento \u00e0s taxas cobradas pelas institui\u00e7\u00f5es de ensino, muitas s\u00e3o consideradas irregulares e n\u00e3o devem ser pagas. A taxa de reserva de vaga ou de matr\u00edcula, por exemplo, at\u00e9 pode ser cobrada, mas este valor tem que fazer parte da anuidade. [&hellip;]<\/p>\n","protected":false},"author":28,"featured_media":0,"comment_status":"open","ping_status":"open","sticky":false,"template":"","format":"standard","meta":{"footnotes":""},"categories":[1],"tags":[],"class_list":["post-452","post","type-post","status-publish","format-standard","hentry","category-sem-categoria"],"_links":{"self":[{"href":"https:\/\/blogs.correiobraziliense.com.br\/consumidor\/wp-json\/wp\/v2\/posts\/452","targetHints":{"allow":["GET"]}}],"collection":[{"href":"https:\/\/blogs.correiobraziliense.com.br\/consumidor\/wp-json\/wp\/v2\/posts"}],"about":[{"href":"https:\/\/blogs.correiobraziliense.com.br\/consumidor\/wp-json\/wp\/v2\/types\/post"}],"author":[{"embeddable":true,"href":"https:\/\/blogs.correiobraziliense.com.br\/consumidor\/wp-json\/wp\/v2\/users\/28"}],"replies":[{"embeddable":true,"href":"https:\/\/blogs.correiobraziliense.com.br\/consumidor\/wp-json\/wp\/v2\/comments?post=452"}],"version-history":[{"count":0,"href":"https:\/\/blogs.correiobraziliense.com.br\/consumidor\/wp-json\/wp\/v2\/posts\/452\/revisions"}],"wp:attachment":[{"href":"https:\/\/blogs.correiobraziliense.com.br\/consumidor\/wp-json\/wp\/v2\/media?parent=452"}],"wp:term":[{"taxonomy":"category","embeddable":true,"href":"https:\/\/blogs.correiobraziliense.com.br\/consumidor\/wp-json\/wp\/v2\/categories?post=452"},{"taxonomy":"post_tag","embeddable":true,"href":"https:\/\/blogs.correiobraziliense.com.br\/consumidor\/wp-json\/wp\/v2\/tags?post=452"}],"curies":[{"name":"wp","href":"https:\/\/api.w.org\/{rel}","templated":true}]}}