{"id":451,"date":"2013-12-13T14:11:00","date_gmt":"2013-12-13T16:11:00","guid":{"rendered":"https:\/\/blogs.correiobraziliense.com.br\/consumidor\/ans_amplia_cobertura_de_doencas_geneticas\/"},"modified":"2013-12-13T14:11:00","modified_gmt":"2013-12-13T16:11:00","slug":"ans_amplia_cobertura_de_doencas_geneticas","status":"publish","type":"post","link":"https:\/\/blogs.correiobraziliense.com.br\/consumidor\/ans_amplia_cobertura_de_doencas_geneticas\/","title":{"rendered":"ANS amplia cobertura de doen\u00e7as gen\u00e9ticas"},"content":{"rendered":"\n<p>A partir do dia 2 de janeiro, os planos de sa\u00fade ter\u00e3o que ampliar a cobertura obrigat\u00f3ria para 29 doen\u00e7as gen\u00e9ticas. Dessa forma, as operadoras passar\u00e3o a cobrir exames complexos para rastreamento e tratamento. A previs\u00e3o \u00e9 que 42,5 milh\u00f5es de usu\u00e1rios sejam beneficiados. A nota t\u00e9cnica com as mudan\u00e7as foi publicada pela Ag\u00eancia Nacional de Sa\u00fade Suplementar (ANS).  <\/p>\n<p>Um exemplo de exame gen\u00e9tico que passa a ter cobertura obrigat\u00f3ria \u00e9 o gene BRCA 1\/ BRCA 2, para detec\u00e7\u00e3o de c\u00e2ncer de mama e ov\u00e1rios heredit\u00e1rios. O exame de detec\u00e7\u00e3o de s\u00edndrome de Lynch, de hemofilia tamb\u00e9m integram a lista. Entram tamb\u00e9m as doen\u00e7as relacionadas ao gene FMR1, como a s\u00edndrome do X Fr\u00e1gil,&nbsp; de ataxia\/tremor associados ao X Fr\u00e1gil e Fal\u00eancia Ovariana Prematura.  <\/p>\n<p>A cobertura obrigat\u00f3ria de exames e tratamento dessas doen\u00e7as estava prevista desde a divulga\u00e7\u00e3o do novo Rol de Procedimentos e Eventos em Sa\u00fade, anunciado no dia 21 de outubro deste ano. O novo rol come\u00e7a a valer a partir do dia 2 de janeiro de 2014.   <\/p>\n","protected":false},"excerpt":{"rendered":"<p>A partir do dia 2 de janeiro, os planos de sa\u00fade ter\u00e3o que ampliar a cobertura obrigat\u00f3ria para 29 doen\u00e7as gen\u00e9ticas. Dessa forma, as operadoras passar\u00e3o a cobrir exames complexos para rastreamento e tratamento. A previs\u00e3o \u00e9 que 42,5 milh\u00f5es de usu\u00e1rios sejam beneficiados. A nota t\u00e9cnica com as mudan\u00e7as foi publicada pela Ag\u00eancia Nacional de Sa\u00fade Suplementar (ANS). Um [&hellip;]<\/p>\n","protected":false},"author":28,"featured_media":0,"comment_status":"open","ping_status":"open","sticky":false,"template":"","format":"standard","meta":{"footnotes":""},"categories":[1],"tags":[],"class_list":["post-451","post","type-post","status-publish","format-standard","hentry","category-sem-categoria"],"_links":{"self":[{"href":"https:\/\/blogs.correiobraziliense.com.br\/consumidor\/wp-json\/wp\/v2\/posts\/451","targetHints":{"allow":["GET"]}}],"collection":[{"href":"https:\/\/blogs.correiobraziliense.com.br\/consumidor\/wp-json\/wp\/v2\/posts"}],"about":[{"href":"https:\/\/blogs.correiobraziliense.com.br\/consumidor\/wp-json\/wp\/v2\/types\/post"}],"author":[{"embeddable":true,"href":"https:\/\/blogs.correiobraziliense.com.br\/consumidor\/wp-json\/wp\/v2\/users\/28"}],"replies":[{"embeddable":true,"href":"https:\/\/blogs.correiobraziliense.com.br\/consumidor\/wp-json\/wp\/v2\/comments?post=451"}],"version-history":[{"count":0,"href":"https:\/\/blogs.correiobraziliense.com.br\/consumidor\/wp-json\/wp\/v2\/posts\/451\/revisions"}],"wp:attachment":[{"href":"https:\/\/blogs.correiobraziliense.com.br\/consumidor\/wp-json\/wp\/v2\/media?parent=451"}],"wp:term":[{"taxonomy":"category","embeddable":true,"href":"https:\/\/blogs.correiobraziliense.com.br\/consumidor\/wp-json\/wp\/v2\/categories?post=451"},{"taxonomy":"post_tag","embeddable":true,"href":"https:\/\/blogs.correiobraziliense.com.br\/consumidor\/wp-json\/wp\/v2\/tags?post=451"}],"curies":[{"name":"wp","href":"https:\/\/api.w.org\/{rel}","templated":true}]}}