{"id":450,"date":"2013-12-12T19:12:00","date_gmt":"2013-12-12T21:12:00","guid":{"rendered":"https:\/\/blogs.correiobraziliense.com.br\/consumidor\/proteste_pede_que_airbag_e_freios_abs_sejam_obrigatorios_em_2014\/"},"modified":"2013-12-12T19:12:00","modified_gmt":"2013-12-12T21:12:00","slug":"proteste_pede_que_airbag_e_freios_abs_sejam_obrigatorios_em_2014","status":"publish","type":"post","link":"https:\/\/blogs.correiobraziliense.com.br\/consumidor\/proteste_pede_que_airbag_e_freios_abs_sejam_obrigatorios_em_2014\/","title":{"rendered":"Proteste pede que airbag e freios ABS sejam obrigat\u00f3rios em 2014"},"content":{"rendered":"\n<p>Ap\u00f3s o ministro da Fazenda, Guido Mantega, anunciar a prorroga\u00e7\u00e3o da obrigatoriedade de itens de seguran\u00e7a para os ve\u00edculos brasileiros para 2016, a Proteste Associa\u00e7\u00e3o de Consumidores enviou um of\u00edcio \u00e0 presidente Dilma Rouseff e ao Conselho Nacional de Tr\u00e2nsito pedindo que a medida passe a valer a partir de janeiro de 2014, conforme previs\u00e3o inicial. <\/p>\n<p>Para a Proteste, a instala\u00e7\u00e3o de airbags e freios ABS est\u00e1 programada desde 2009 e seria uma medida gradativa, por isso, n\u00e3o se justifica adiar por mais tempo. &#8220;O argumento de que estes equipamentos encarecer\u00e3o os ve\u00edculos n\u00e3o leva em conta os ganhos em termos de seguran\u00e7a, com a preserva\u00e7\u00e3o de vidas e redu\u00e7\u00e3o de gastos de tratamento de acidentados&#8221;, defendeu Maria In\u00eas Dolci, coordenadora institucional da Proteste.  <\/p>\n","protected":false},"excerpt":{"rendered":"<p>Ap\u00f3s o ministro da Fazenda, Guido Mantega, anunciar a prorroga\u00e7\u00e3o da obrigatoriedade de itens de seguran\u00e7a para os ve\u00edculos brasileiros para 2016, a Proteste Associa\u00e7\u00e3o de Consumidores enviou um of\u00edcio \u00e0 presidente Dilma Rouseff e ao Conselho Nacional de Tr\u00e2nsito pedindo que a medida passe a valer a partir de janeiro de 2014, conforme previs\u00e3o inicial. Para a Proteste, a [&hellip;]<\/p>\n","protected":false},"author":28,"featured_media":0,"comment_status":"open","ping_status":"open","sticky":false,"template":"","format":"standard","meta":{"footnotes":""},"categories":[1],"tags":[],"class_list":["post-450","post","type-post","status-publish","format-standard","hentry","category-sem-categoria"],"_links":{"self":[{"href":"https:\/\/blogs.correiobraziliense.com.br\/consumidor\/wp-json\/wp\/v2\/posts\/450","targetHints":{"allow":["GET"]}}],"collection":[{"href":"https:\/\/blogs.correiobraziliense.com.br\/consumidor\/wp-json\/wp\/v2\/posts"}],"about":[{"href":"https:\/\/blogs.correiobraziliense.com.br\/consumidor\/wp-json\/wp\/v2\/types\/post"}],"author":[{"embeddable":true,"href":"https:\/\/blogs.correiobraziliense.com.br\/consumidor\/wp-json\/wp\/v2\/users\/28"}],"replies":[{"embeddable":true,"href":"https:\/\/blogs.correiobraziliense.com.br\/consumidor\/wp-json\/wp\/v2\/comments?post=450"}],"version-history":[{"count":0,"href":"https:\/\/blogs.correiobraziliense.com.br\/consumidor\/wp-json\/wp\/v2\/posts\/450\/revisions"}],"wp:attachment":[{"href":"https:\/\/blogs.correiobraziliense.com.br\/consumidor\/wp-json\/wp\/v2\/media?parent=450"}],"wp:term":[{"taxonomy":"category","embeddable":true,"href":"https:\/\/blogs.correiobraziliense.com.br\/consumidor\/wp-json\/wp\/v2\/categories?post=450"},{"taxonomy":"post_tag","embeddable":true,"href":"https:\/\/blogs.correiobraziliense.com.br\/consumidor\/wp-json\/wp\/v2\/tags?post=450"}],"curies":[{"name":"wp","href":"https:\/\/api.w.org\/{rel}","templated":true}]}}