{"id":448,"date":"2013-12-10T11:48:00","date_gmt":"2013-12-10T13:48:00","guid":{"rendered":"https:\/\/blogs.correiobraziliense.com.br\/consumidor\/brasiliense_esta_cuidadoso_com_compras_de_fim_de_ano\/"},"modified":"2013-12-10T11:48:00","modified_gmt":"2013-12-10T13:48:00","slug":"brasiliense_esta_cuidadoso_com_compras_de_fim_de_ano","status":"publish","type":"post","link":"https:\/\/blogs.correiobraziliense.com.br\/consumidor\/brasiliense_esta_cuidadoso_com_compras_de_fim_de_ano\/","title":{"rendered":"Brasiliense est\u00e1 cuidadoso com compras de fim de ano"},"content":{"rendered":"\n<p>O ano de 2013 est\u00e1 fraco para o com\u00e9rcio do Distrito Federal. Praticamente em todos os meses do ano as vendas ficaram abaixo do que esperava o lojista. Nem mesmo as datas comemorativas, como o Dia das M\u00e3es e Dia dos Namorados, salvaram o varejo. A expectativa \u00e9 que os resultados aqu\u00e9m dos esperados sejam recompensados com as vendas de fim de ano.  <\/p>\n<p>Mas, por enquanto, o consumidor continua cauteloso em rela\u00e7\u00e3o \u00e0s compras. \u00c9 o que mostra o \u00cdndice de Consumo das Fam\u00edlias de novembro divulgado hoje pela Federa\u00e7\u00e3o do Com\u00e9rcio do Distrito Federal. Em rela\u00e7\u00e3o ao mesmo per\u00edodo do ano passado, o \u00edndice caiu 8,4 pontos percentuais e fechou em 121,9. Mesmo com a queda, para a Fecom\u00e9rcio, \u00edndice acima de 100 pontos \u00e9 considerado positivo. <\/p>\n<p>De acordo com a pesquisa, 39,1% dos entrevistados disseram que compraram menos em novembro de 2013, em rela\u00e7\u00e3o a 2012. 31% afirmou que comprou igual e apenas 29,9% respondeu que comprou mais. Para mais da metade dos entrevistados (55,5%), o acesso ao cr\u00e9dito est\u00e1  mais dif\u00edcil este ano. Principalmente para os que possuem renda de at\u00e9  10 sal\u00e1rios m\u00ednimos.  <\/p>\n<p>Dessa forma, a pesquisa mostrou que o consumidor est\u00e1 mais cauteloso, 69,4% dos entrevistados afirmaram na pesquisa que a renda este ano est\u00e1 melhor do que no ano passado, o que pode sinalizar que o arrocho nas compras pode ser para pagamento de d\u00edvidas ou o consumidor est\u00e1 se programando para gastar mais em dezembro, pr\u00f3ximo ao Natal.  <\/p>\n","protected":false},"excerpt":{"rendered":"<p>O ano de 2013 est\u00e1 fraco para o com\u00e9rcio do Distrito Federal. Praticamente em todos os meses do ano as vendas ficaram abaixo do que esperava o lojista. Nem mesmo as datas comemorativas, como o Dia das M\u00e3es e Dia dos Namorados, salvaram o varejo. A expectativa \u00e9 que os resultados aqu\u00e9m dos esperados sejam recompensados com as vendas de [&hellip;]<\/p>\n","protected":false},"author":28,"featured_media":0,"comment_status":"open","ping_status":"open","sticky":false,"template":"","format":"standard","meta":{"footnotes":""},"categories":[1],"tags":[],"class_list":["post-448","post","type-post","status-publish","format-standard","hentry","category-sem-categoria"],"_links":{"self":[{"href":"https:\/\/blogs.correiobraziliense.com.br\/consumidor\/wp-json\/wp\/v2\/posts\/448","targetHints":{"allow":["GET"]}}],"collection":[{"href":"https:\/\/blogs.correiobraziliense.com.br\/consumidor\/wp-json\/wp\/v2\/posts"}],"about":[{"href":"https:\/\/blogs.correiobraziliense.com.br\/consumidor\/wp-json\/wp\/v2\/types\/post"}],"author":[{"embeddable":true,"href":"https:\/\/blogs.correiobraziliense.com.br\/consumidor\/wp-json\/wp\/v2\/users\/28"}],"replies":[{"embeddable":true,"href":"https:\/\/blogs.correiobraziliense.com.br\/consumidor\/wp-json\/wp\/v2\/comments?post=448"}],"version-history":[{"count":0,"href":"https:\/\/blogs.correiobraziliense.com.br\/consumidor\/wp-json\/wp\/v2\/posts\/448\/revisions"}],"wp:attachment":[{"href":"https:\/\/blogs.correiobraziliense.com.br\/consumidor\/wp-json\/wp\/v2\/media?parent=448"}],"wp:term":[{"taxonomy":"category","embeddable":true,"href":"https:\/\/blogs.correiobraziliense.com.br\/consumidor\/wp-json\/wp\/v2\/categories?post=448"},{"taxonomy":"post_tag","embeddable":true,"href":"https:\/\/blogs.correiobraziliense.com.br\/consumidor\/wp-json\/wp\/v2\/tags?post=448"}],"curies":[{"name":"wp","href":"https:\/\/api.w.org\/{rel}","templated":true}]}}