{"id":441,"date":"2013-11-27T15:22:00","date_gmt":"2013-11-27T17:22:00","guid":{"rendered":"https:\/\/blogs.correiobraziliense.com.br\/consumidor\/senacon_questiona_compra_de_aplicativos_em_dolar\/"},"modified":"2013-11-27T15:22:00","modified_gmt":"2013-11-27T17:22:00","slug":"senacon_questiona_compra_de_aplicativos_em_dolar","status":"publish","type":"post","link":"https:\/\/blogs.correiobraziliense.com.br\/consumidor\/senacon_questiona_compra_de_aplicativos_em_dolar\/","title":{"rendered":"Senacon questiona compra de aplicativos em d\u00f3lar"},"content":{"rendered":"<p>&nbsp; <\/p>\n<p>&nbsp;&nbsp;&nbsp;&nbsp;&nbsp;&nbsp;&nbsp;&nbsp;&nbsp;&nbsp;&nbsp;&nbsp;&nbsp;&nbsp;&nbsp;&nbsp;&nbsp;&nbsp;&nbsp;&nbsp;&nbsp;&nbsp;&nbsp;&nbsp;&nbsp;&nbsp;&nbsp;&nbsp;&nbsp;&nbsp;&nbsp;&nbsp;&nbsp;&nbsp;&nbsp;&nbsp;&nbsp;&nbsp;&nbsp;&nbsp;&nbsp;&nbsp;&nbsp;&nbsp;&nbsp; <img decoding=\"async\" src=\"https:\/\/blogs.correiobraziliense.com.br\/wp-content\/uploads\/blog-consumidor\/57dcf3e5984acfd56e8a071d65f2fd44.jpg\"> <\/p>\n<p>A Apple ter\u00e1 que prestar esclarecimentos \u00e0 Secretaria Nacional do  Cosnumidor do Minist\u00e9rio da Justi\u00e7a. O \u00f3rg\u00e3o questiona o funcionamento  do iTunes Store, uma vez que os pre\u00e7os apresentados n\u00e3o s\u00e3o em real, mas  sim, em d\u00f3lar. <\/p>\n<p> De acordo com o C\u00f3digo de Defesa do Consumidor, mesmo se o produto for  importado, a empresa deve informar o pre\u00e7o na moeda nacional. <\/p>\n<p> A Apple tem dez dias a partir do recebimento da notifica\u00e7\u00e3o para explicar os questionamentos da Secretaria.  <\/p>\n<p>&nbsp;&nbsp;&nbsp;&nbsp;&nbsp;&nbsp;&nbsp;&nbsp;&nbsp;&nbsp;&nbsp;&nbsp;&nbsp;&nbsp;&nbsp;&nbsp;&nbsp;&nbsp;&nbsp;&nbsp;&nbsp;&nbsp;&nbsp;&nbsp;&nbsp;&nbsp;&nbsp;&nbsp;&nbsp;&nbsp;&nbsp;&nbsp;&nbsp;&nbsp;&nbsp;&nbsp;&nbsp;&nbsp;&nbsp;&nbsp;&nbsp;&nbsp;&nbsp;  <\/p>\n","protected":false},"excerpt":{"rendered":"<p>&nbsp; &nbsp;&nbsp;&nbsp;&nbsp;&nbsp;&nbsp;&nbsp;&nbsp;&nbsp;&nbsp;&nbsp;&nbsp;&nbsp;&nbsp;&nbsp;&nbsp;&nbsp;&nbsp;&nbsp;&nbsp;&nbsp;&nbsp;&nbsp;&nbsp;&nbsp;&nbsp;&nbsp;&nbsp;&nbsp;&nbsp;&nbsp;&nbsp;&nbsp;&nbsp;&nbsp;&nbsp;&nbsp;&nbsp;&nbsp;&nbsp;&nbsp;&nbsp;&nbsp;&nbsp;&nbsp; A Apple ter\u00e1 que prestar esclarecimentos \u00e0 Secretaria Nacional do Cosnumidor do Minist\u00e9rio da Justi\u00e7a. O \u00f3rg\u00e3o questiona o funcionamento do iTunes Store, uma vez que os pre\u00e7os apresentados n\u00e3o s\u00e3o em real, mas sim, em d\u00f3lar. De acordo com o C\u00f3digo de Defesa do Consumidor, mesmo se o produto for importado, a empresa deve informar o pre\u00e7o [&hellip;]<\/p>\n","protected":false},"author":28,"featured_media":0,"comment_status":"open","ping_status":"open","sticky":false,"template":"","format":"standard","meta":{"footnotes":""},"categories":[1],"tags":[],"class_list":["post-441","post","type-post","status-publish","format-standard","hentry","category-sem-categoria"],"_links":{"self":[{"href":"https:\/\/blogs.correiobraziliense.com.br\/consumidor\/wp-json\/wp\/v2\/posts\/441","targetHints":{"allow":["GET"]}}],"collection":[{"href":"https:\/\/blogs.correiobraziliense.com.br\/consumidor\/wp-json\/wp\/v2\/posts"}],"about":[{"href":"https:\/\/blogs.correiobraziliense.com.br\/consumidor\/wp-json\/wp\/v2\/types\/post"}],"author":[{"embeddable":true,"href":"https:\/\/blogs.correiobraziliense.com.br\/consumidor\/wp-json\/wp\/v2\/users\/28"}],"replies":[{"embeddable":true,"href":"https:\/\/blogs.correiobraziliense.com.br\/consumidor\/wp-json\/wp\/v2\/comments?post=441"}],"version-history":[{"count":0,"href":"https:\/\/blogs.correiobraziliense.com.br\/consumidor\/wp-json\/wp\/v2\/posts\/441\/revisions"}],"wp:attachment":[{"href":"https:\/\/blogs.correiobraziliense.com.br\/consumidor\/wp-json\/wp\/v2\/media?parent=441"}],"wp:term":[{"taxonomy":"category","embeddable":true,"href":"https:\/\/blogs.correiobraziliense.com.br\/consumidor\/wp-json\/wp\/v2\/categories?post=441"},{"taxonomy":"post_tag","embeddable":true,"href":"https:\/\/blogs.correiobraziliense.com.br\/consumidor\/wp-json\/wp\/v2\/tags?post=441"}],"curies":[{"name":"wp","href":"https:\/\/api.w.org\/{rel}","templated":true}]}}