{"id":439,"date":"2013-11-25T13:31:00","date_gmt":"2013-11-25T15:31:00","guid":{"rendered":"https:\/\/blogs.correiobraziliense.com.br\/consumidor\/recall_motos_bmw\/"},"modified":"2013-11-25T13:31:00","modified_gmt":"2013-11-25T15:31:00","slug":"recall_motos_bmw","status":"publish","type":"post","link":"https:\/\/blogs.correiobraziliense.com.br\/consumidor\/recall_motos_bmw\/","title":{"rendered":"Recall motos BMW"},"content":{"rendered":"\n<p>A BMW Brasil convoca os propriet\u00e1rios das motocicletas modelo K1600 GT e GTL fabricadas entre fevereiro de 2011 e mar\u00e7o de 2012 a comparecerem a uma concession\u00e1ria da marca para reprograma\u00e7\u00e3o do sistema eletr\u00f4nico (software) de gerenciamento do motor.  <\/p>\n<p>Os chassis envolvidos s\u00e3o os ZY40347 at\u00e9 ZY45376 no modelo GT e ZZ13269 at\u00e9 ZZ18224 no GTL. No comunicado, a empresa informa ter constatado a possibilidade de altera\u00e7\u00e3o do funcionamento do motor em rea\u00e7\u00e3o de falha em seu m\u00f3dulo de gerenciamento eletr\u00f4nico. Assim, o motor pode ser desligado de forma inesperada durante a pilotagem, o que pode causar acidente e danos f\u00edsicos ao condutor, passageiro e terceiros. <\/p>\n<p>Mais informa\u00e7\u00f5es pelo 0800 707 3578 e pelo <a href=\"www.bmw.com.br\">site<\/a>. <\/p>\n","protected":false},"excerpt":{"rendered":"<p>A BMW Brasil convoca os propriet\u00e1rios das motocicletas modelo K1600 GT e GTL fabricadas entre fevereiro de 2011 e mar\u00e7o de 2012 a comparecerem a uma concession\u00e1ria da marca para reprograma\u00e7\u00e3o do sistema eletr\u00f4nico (software) de gerenciamento do motor. Os chassis envolvidos s\u00e3o os ZY40347 at\u00e9 ZY45376 no modelo GT e ZZ13269 at\u00e9 ZZ18224 no GTL. No comunicado, a empresa [&hellip;]<\/p>\n","protected":false},"author":28,"featured_media":0,"comment_status":"open","ping_status":"open","sticky":false,"template":"","format":"standard","meta":{"footnotes":""},"categories":[1],"tags":[],"class_list":["post-439","post","type-post","status-publish","format-standard","hentry","category-sem-categoria"],"_links":{"self":[{"href":"https:\/\/blogs.correiobraziliense.com.br\/consumidor\/wp-json\/wp\/v2\/posts\/439","targetHints":{"allow":["GET"]}}],"collection":[{"href":"https:\/\/blogs.correiobraziliense.com.br\/consumidor\/wp-json\/wp\/v2\/posts"}],"about":[{"href":"https:\/\/blogs.correiobraziliense.com.br\/consumidor\/wp-json\/wp\/v2\/types\/post"}],"author":[{"embeddable":true,"href":"https:\/\/blogs.correiobraziliense.com.br\/consumidor\/wp-json\/wp\/v2\/users\/28"}],"replies":[{"embeddable":true,"href":"https:\/\/blogs.correiobraziliense.com.br\/consumidor\/wp-json\/wp\/v2\/comments?post=439"}],"version-history":[{"count":0,"href":"https:\/\/blogs.correiobraziliense.com.br\/consumidor\/wp-json\/wp\/v2\/posts\/439\/revisions"}],"wp:attachment":[{"href":"https:\/\/blogs.correiobraziliense.com.br\/consumidor\/wp-json\/wp\/v2\/media?parent=439"}],"wp:term":[{"taxonomy":"category","embeddable":true,"href":"https:\/\/blogs.correiobraziliense.com.br\/consumidor\/wp-json\/wp\/v2\/categories?post=439"},{"taxonomy":"post_tag","embeddable":true,"href":"https:\/\/blogs.correiobraziliense.com.br\/consumidor\/wp-json\/wp\/v2\/tags?post=439"}],"curies":[{"name":"wp","href":"https:\/\/api.w.org\/{rel}","templated":true}]}}