{"id":438,"date":"2013-11-19T11:39:00","date_gmt":"2013-11-19T13:39:00","guid":{"rendered":"https:\/\/blogs.correiobraziliense.com.br\/consumidor\/mp_pede_explicacoes_sobre_cancelamento_do_world_bike_tour\/"},"modified":"2013-11-19T11:39:00","modified_gmt":"2013-11-19T13:39:00","slug":"mp_pede_explicacoes_sobre_cancelamento_do_world_bike_tour","status":"publish","type":"post","link":"https:\/\/blogs.correiobraziliense.com.br\/consumidor\/mp_pede_explicacoes_sobre_cancelamento_do_world_bike_tour\/","title":{"rendered":"MP pede explica\u00e7\u00f5es sobre cancelamento do World Bike Tour"},"content":{"rendered":"\n<p>O Minist\u00e9rio P\u00fablico do Distrito Federal instaurou inqu\u00e9rito para investigar o cancelamento do World Bike Tour. Cerca de 4,5 mil pessoas se inscreveram para o evento e n\u00e3o tiveram de volta o dinheiro pago para participar. Al\u00e9m disso, os consumidores reclamam que n\u00e3o conseguiram entrar em contato com os respons\u00e1veis pelos n\u00fameros telef\u00f4nicos do site. <\/p>\n<p>Ontem, o Minist\u00e9rio P\u00fablico e os respons\u00e1veis pela empresa se reuniram em uma audi\u00eancia. Na ocasi\u00e3o, os empres\u00e1rios alegaram que o motivo do cancelamento foi a falta de patroc\u00ednio. Eles se comprometeram a comparecer ao Minist\u00e9rio P\u00fablico hoje para firmar um Termo de Ajustamento de Conduta (TAC). O documento vai tratar sobre o ressarcimento dos prejudicados.  <\/p>\n<p>A preocupa\u00e7\u00e3o do MP ocorre porque a mesma empresa deu in\u00edcio a um evento similar em S\u00e3o Paulo e ainda n\u00e3o ressarciu os consumidores no DF.  <\/p>\n<p>Os consumidores lesados podem procurar o Minist\u00e9rio P\u00fablico pelo email 4prodecon@mpdft.mp.br, pelo telefone 3343-9851 ou pessoalmente, na Pra\u00e7a Municipal, Eixo Monumental, lote 2, bloco A, sala 130, Bras\u00edlia.  <\/p>\n","protected":false},"excerpt":{"rendered":"<p>O Minist\u00e9rio P\u00fablico do Distrito Federal instaurou inqu\u00e9rito para investigar o cancelamento do World Bike Tour. Cerca de 4,5 mil pessoas se inscreveram para o evento e n\u00e3o tiveram de volta o dinheiro pago para participar. Al\u00e9m disso, os consumidores reclamam que n\u00e3o conseguiram entrar em contato com os respons\u00e1veis pelos n\u00fameros telef\u00f4nicos do site. Ontem, o Minist\u00e9rio P\u00fablico e [&hellip;]<\/p>\n","protected":false},"author":28,"featured_media":0,"comment_status":"open","ping_status":"open","sticky":false,"template":"","format":"standard","meta":{"footnotes":""},"categories":[1],"tags":[],"class_list":["post-438","post","type-post","status-publish","format-standard","hentry","category-sem-categoria"],"_links":{"self":[{"href":"https:\/\/blogs.correiobraziliense.com.br\/consumidor\/wp-json\/wp\/v2\/posts\/438","targetHints":{"allow":["GET"]}}],"collection":[{"href":"https:\/\/blogs.correiobraziliense.com.br\/consumidor\/wp-json\/wp\/v2\/posts"}],"about":[{"href":"https:\/\/blogs.correiobraziliense.com.br\/consumidor\/wp-json\/wp\/v2\/types\/post"}],"author":[{"embeddable":true,"href":"https:\/\/blogs.correiobraziliense.com.br\/consumidor\/wp-json\/wp\/v2\/users\/28"}],"replies":[{"embeddable":true,"href":"https:\/\/blogs.correiobraziliense.com.br\/consumidor\/wp-json\/wp\/v2\/comments?post=438"}],"version-history":[{"count":0,"href":"https:\/\/blogs.correiobraziliense.com.br\/consumidor\/wp-json\/wp\/v2\/posts\/438\/revisions"}],"wp:attachment":[{"href":"https:\/\/blogs.correiobraziliense.com.br\/consumidor\/wp-json\/wp\/v2\/media?parent=438"}],"wp:term":[{"taxonomy":"category","embeddable":true,"href":"https:\/\/blogs.correiobraziliense.com.br\/consumidor\/wp-json\/wp\/v2\/categories?post=438"},{"taxonomy":"post_tag","embeddable":true,"href":"https:\/\/blogs.correiobraziliense.com.br\/consumidor\/wp-json\/wp\/v2\/tags?post=438"}],"curies":[{"name":"wp","href":"https:\/\/api.w.org\/{rel}","templated":true}]}}