{"id":428,"date":"2013-11-07T15:09:00","date_gmt":"2013-11-07T17:09:00","guid":{"rendered":"https:\/\/blogs.correiobraziliense.com.br\/consumidor\/procon-df_multa_operadoras_de_telefonia_em_r_18_milhoes\/"},"modified":"2013-11-07T15:09:00","modified_gmt":"2013-11-07T17:09:00","slug":"procon-df_multa_operadoras_de_telefonia_em_r_18_milhoes","status":"publish","type":"post","link":"https:\/\/blogs.correiobraziliense.com.br\/consumidor\/procon-df_multa_operadoras_de_telefonia_em_r_18_milhoes\/","title":{"rendered":"Procon-DF multa operadoras de telefonia em R$ 18 milh\u00f5es"},"content":{"rendered":"\n<p>As empresas de telefonia TIM, Net, OI, Claro, Vivo e GVT foram multadas em R$ 18 milh\u00f5es pelo Procon do Distrito Federal. As empresas t\u00eam 10 dias para recorrer. <\/p>\n<p>De janeiro a outubro, o Procon recebeu 28.393 consumidores insatisfeitos; desses, 357 n\u00e3o tiveram os problemas resolvidos, o que gerou a multa \u00e0s empresas. <\/p>\n<p>As multas s\u00e3o aplicadas de acordo com o porte da empresa, a quantidade e os tipos de reclama\u00e7\u00f5es. A OI recebeu a maior multa, R$ 4,27 milh\u00f5es. A Claro, R$ 4 milh\u00f5es e a TIM, R$ 3,6 milh\u00f5es. <\/p>\n","protected":false},"excerpt":{"rendered":"<p>As empresas de telefonia TIM, Net, OI, Claro, Vivo e GVT foram multadas em R$ 18 milh\u00f5es pelo Procon do Distrito Federal. As empresas t\u00eam 10 dias para recorrer. De janeiro a outubro, o Procon recebeu 28.393 consumidores insatisfeitos; desses, 357 n\u00e3o tiveram os problemas resolvidos, o que gerou a multa \u00e0s empresas. As multas s\u00e3o aplicadas de acordo com [&hellip;]<\/p>\n","protected":false},"author":28,"featured_media":0,"comment_status":"open","ping_status":"open","sticky":false,"template":"","format":"standard","meta":{"footnotes":""},"categories":[1],"tags":[],"class_list":["post-428","post","type-post","status-publish","format-standard","hentry","category-sem-categoria"],"_links":{"self":[{"href":"https:\/\/blogs.correiobraziliense.com.br\/consumidor\/wp-json\/wp\/v2\/posts\/428","targetHints":{"allow":["GET"]}}],"collection":[{"href":"https:\/\/blogs.correiobraziliense.com.br\/consumidor\/wp-json\/wp\/v2\/posts"}],"about":[{"href":"https:\/\/blogs.correiobraziliense.com.br\/consumidor\/wp-json\/wp\/v2\/types\/post"}],"author":[{"embeddable":true,"href":"https:\/\/blogs.correiobraziliense.com.br\/consumidor\/wp-json\/wp\/v2\/users\/28"}],"replies":[{"embeddable":true,"href":"https:\/\/blogs.correiobraziliense.com.br\/consumidor\/wp-json\/wp\/v2\/comments?post=428"}],"version-history":[{"count":0,"href":"https:\/\/blogs.correiobraziliense.com.br\/consumidor\/wp-json\/wp\/v2\/posts\/428\/revisions"}],"wp:attachment":[{"href":"https:\/\/blogs.correiobraziliense.com.br\/consumidor\/wp-json\/wp\/v2\/media?parent=428"}],"wp:term":[{"taxonomy":"category","embeddable":true,"href":"https:\/\/blogs.correiobraziliense.com.br\/consumidor\/wp-json\/wp\/v2\/categories?post=428"},{"taxonomy":"post_tag","embeddable":true,"href":"https:\/\/blogs.correiobraziliense.com.br\/consumidor\/wp-json\/wp\/v2\/tags?post=428"}],"curies":[{"name":"wp","href":"https:\/\/api.w.org\/{rel}","templated":true}]}}