{"id":427,"date":"2013-11-05T16:30:00","date_gmt":"2013-11-05T18:30:00","guid":{"rendered":"https:\/\/blogs.correiobraziliense.com.br\/consumidor\/telefonia_lidera_ranking_de_reclamacoes_no_procon-df\/"},"modified":"2013-11-05T16:30:00","modified_gmt":"2013-11-05T18:30:00","slug":"telefonia_lidera_ranking_de_reclamacoes_no_procon-df","status":"publish","type":"post","link":"https:\/\/blogs.correiobraziliense.com.br\/consumidor\/telefonia_lidera_ranking_de_reclamacoes_no_procon-df\/","title":{"rendered":"Telefonia lidera ranking de reclama\u00e7\u00f5es no Procon-DF"},"content":{"rendered":"\n<p>O servi\u00e7o de telecomunica\u00e7\u00f5es lidera o ranking de reclama\u00e7\u00f5es no Procon do Distrito Federal. Foram 545 em apenas cinco dias &#8211; de 28 de outubro a 1\u00ba de novembro. O que corresponde a 20% das queixas que chegaram ao \u00f3rg\u00e3o no per\u00edodo. <\/p>\n<p>As campe\u00e3s s\u00e3o OI, SKY, Claro, GVT e TIM, que, juntas, contabilizam 456 queixas. <\/p>\n<p>Os principais problemas relatados pelos consumidores s\u00e3o: cobran\u00e7a indevida, produto com defeito, garantia, n\u00e3o entrega da mercadoria e contrato.  <\/p>\n<p>Amanh\u00e3, o Procon local informar\u00e1 o valor das multas e o resultado da Opera\u00e7\u00e3o Linha Dura que o \u00f3rg\u00e3o encabe\u00e7a desde maio.  <\/p>\n","protected":false},"excerpt":{"rendered":"<p>O servi\u00e7o de telecomunica\u00e7\u00f5es lidera o ranking de reclama\u00e7\u00f5es no Procon do Distrito Federal. Foram 545 em apenas cinco dias &#8211; de 28 de outubro a 1\u00ba de novembro. O que corresponde a 20% das queixas que chegaram ao \u00f3rg\u00e3o no per\u00edodo. As campe\u00e3s s\u00e3o OI, SKY, Claro, GVT e TIM, que, juntas, contabilizam 456 queixas. Os principais problemas relatados [&hellip;]<\/p>\n","protected":false},"author":28,"featured_media":0,"comment_status":"open","ping_status":"open","sticky":false,"template":"","format":"standard","meta":{"footnotes":""},"categories":[1],"tags":[],"class_list":["post-427","post","type-post","status-publish","format-standard","hentry","category-sem-categoria"],"_links":{"self":[{"href":"https:\/\/blogs.correiobraziliense.com.br\/consumidor\/wp-json\/wp\/v2\/posts\/427","targetHints":{"allow":["GET"]}}],"collection":[{"href":"https:\/\/blogs.correiobraziliense.com.br\/consumidor\/wp-json\/wp\/v2\/posts"}],"about":[{"href":"https:\/\/blogs.correiobraziliense.com.br\/consumidor\/wp-json\/wp\/v2\/types\/post"}],"author":[{"embeddable":true,"href":"https:\/\/blogs.correiobraziliense.com.br\/consumidor\/wp-json\/wp\/v2\/users\/28"}],"replies":[{"embeddable":true,"href":"https:\/\/blogs.correiobraziliense.com.br\/consumidor\/wp-json\/wp\/v2\/comments?post=427"}],"version-history":[{"count":0,"href":"https:\/\/blogs.correiobraziliense.com.br\/consumidor\/wp-json\/wp\/v2\/posts\/427\/revisions"}],"wp:attachment":[{"href":"https:\/\/blogs.correiobraziliense.com.br\/consumidor\/wp-json\/wp\/v2\/media?parent=427"}],"wp:term":[{"taxonomy":"category","embeddable":true,"href":"https:\/\/blogs.correiobraziliense.com.br\/consumidor\/wp-json\/wp\/v2\/categories?post=427"},{"taxonomy":"post_tag","embeddable":true,"href":"https:\/\/blogs.correiobraziliense.com.br\/consumidor\/wp-json\/wp\/v2\/tags?post=427"}],"curies":[{"name":"wp","href":"https:\/\/api.w.org\/{rel}","templated":true}]}}