{"id":426,"date":"2013-11-05T12:30:00","date_gmt":"2013-11-05T14:30:00","guid":{"rendered":"https:\/\/blogs.correiobraziliense.com.br\/consumidor\/recall_novo_focus_da_ford\/"},"modified":"2013-11-05T12:30:00","modified_gmt":"2013-11-05T14:30:00","slug":"recall_novo_focus_da_ford","status":"publish","type":"post","link":"https:\/\/blogs.correiobraziliense.com.br\/consumidor\/recall_novo_focus_da_ford\/","title":{"rendered":"Recall Novo Focus da Ford"},"content":{"rendered":"\n<p>Propriet\u00e1rios dos ve\u00edculos Novo Focus modelo 2014, vers\u00f5es Hatch e Sedan devem procurar uma concession\u00e1ria autorizada para verificar os parafusos de fixa\u00e7\u00e3o dos bancos do ve\u00edculo e, se necess\u00e1rio, instala\u00e7\u00e3o ou substitui\u00e7\u00e3o.  <\/p>\n<p>O recall compreende os autom\u00f3veis produzidos de 3 de abril a 17 de outubro de 2013, com finais de chassis J121098 at\u00e9 J168460.   <\/p>\n<p>No comunidado de recall enviado ao Procon de S\u00e3o Paulo, a Ford esclarece que se o consumidor n\u00e3o fizer a averigua\u00e7\u00e3o dos parafusos e eles n\u00e3o estiverem bem posicionados, existe o risco de deslocamento do banco em grandes impactos, o que pode causar les\u00f5es aos ocupantes do ve\u00edculo.   <\/p>\n<p><img decoding=\"async\" src=\"https:\/\/blogs.correiobraziliense.com.br\/wp-content\/uploads\/blog-consumidor\/574323694068cada47ceaf180aae6298.jpg\"><img decoding=\"async\" style=\"width: 214px;height: 150px\" src=\"http:\/\/www.dzai.com.br\/static\/conteudos\/2013\/11\/05\/74\/74483\/posts\/5be92b94237b523a38d8e71c9dab9568.jpg\">  <\/p>\n","protected":false},"excerpt":{"rendered":"<p>Propriet\u00e1rios dos ve\u00edculos Novo Focus modelo 2014, vers\u00f5es Hatch e Sedan devem procurar uma concession\u00e1ria autorizada para verificar os parafusos de fixa\u00e7\u00e3o dos bancos do ve\u00edculo e, se necess\u00e1rio, instala\u00e7\u00e3o ou substitui\u00e7\u00e3o. O recall compreende os autom\u00f3veis produzidos de 3 de abril a 17 de outubro de 2013, com finais de chassis J121098 at\u00e9 J168460. No comunidado de recall enviado [&hellip;]<\/p>\n","protected":false},"author":28,"featured_media":0,"comment_status":"open","ping_status":"open","sticky":false,"template":"","format":"standard","meta":{"footnotes":""},"categories":[1],"tags":[],"class_list":["post-426","post","type-post","status-publish","format-standard","hentry","category-sem-categoria"],"_links":{"self":[{"href":"https:\/\/blogs.correiobraziliense.com.br\/consumidor\/wp-json\/wp\/v2\/posts\/426","targetHints":{"allow":["GET"]}}],"collection":[{"href":"https:\/\/blogs.correiobraziliense.com.br\/consumidor\/wp-json\/wp\/v2\/posts"}],"about":[{"href":"https:\/\/blogs.correiobraziliense.com.br\/consumidor\/wp-json\/wp\/v2\/types\/post"}],"author":[{"embeddable":true,"href":"https:\/\/blogs.correiobraziliense.com.br\/consumidor\/wp-json\/wp\/v2\/users\/28"}],"replies":[{"embeddable":true,"href":"https:\/\/blogs.correiobraziliense.com.br\/consumidor\/wp-json\/wp\/v2\/comments?post=426"}],"version-history":[{"count":0,"href":"https:\/\/blogs.correiobraziliense.com.br\/consumidor\/wp-json\/wp\/v2\/posts\/426\/revisions"}],"wp:attachment":[{"href":"https:\/\/blogs.correiobraziliense.com.br\/consumidor\/wp-json\/wp\/v2\/media?parent=426"}],"wp:term":[{"taxonomy":"category","embeddable":true,"href":"https:\/\/blogs.correiobraziliense.com.br\/consumidor\/wp-json\/wp\/v2\/categories?post=426"},{"taxonomy":"post_tag","embeddable":true,"href":"https:\/\/blogs.correiobraziliense.com.br\/consumidor\/wp-json\/wp\/v2\/tags?post=426"}],"curies":[{"name":"wp","href":"https:\/\/api.w.org\/{rel}","templated":true}]}}