{"id":424,"date":"2013-10-31T18:03:00","date_gmt":"2013-10-31T20:03:00","guid":{"rendered":"https:\/\/blogs.correiobraziliense.com.br\/consumidor\/nova_decisao_judicial_impoe_data_para_uso_de_creditos_em_celulares\/"},"modified":"2013-10-31T18:03:00","modified_gmt":"2013-10-31T20:03:00","slug":"nova_decisao_judicial_impoe_data_para_uso_de_creditos_em_celulares","status":"publish","type":"post","link":"https:\/\/blogs.correiobraziliense.com.br\/consumidor\/nova_decisao_judicial_impoe_data_para_uso_de_creditos_em_celulares\/","title":{"rendered":"Nova decis\u00e3o judicial imp\u00f5e data para uso de cr\u00e9ditos em celulares"},"content":{"rendered":"\n<p>A novela do prazo de validade dos cr\u00e9ditos em celulares pr\u00e9-pagos tomou um novo rumo e novamente os clientes ter\u00e3o um prazo para utilizar a quantia paga. O Superior Tribunal de Justi\u00e7a (STJ) suspendeu via liminar a decis\u00e3o da 5\u00aa Turma do Tribunal Regional Federal da 1\u00aa Regi\u00e3o e manteve a resolu\u00e7\u00e3o da Ag\u00eancia Nacional de Telecomunica\u00e7\u00f5es (Anatel).  <\/p>\n<p>Dessa forma, os cr\u00e9ditos de celulares est\u00e3o sujeitos a um prazo de validade em um prazo igual ou superior a 90 e 180 dias. Sempre que o usu\u00e1rio inserir novos cr\u00e9ditos a saldo existente, a  prestadora dever\u00e1 revalidar a totalidade do saldo de cr\u00e9dito resultante  pelo maior prazo, entre o prazo dos novos cr\u00e9ditos inseridos e o prazo  restante do cr\u00e9dito anterior. No caso de inser\u00e7\u00e3o de novos cr\u00e9ditos, antes do prazo previsto para  rescis\u00e3o do contrato, os cr\u00e9ditos n\u00e3o utilizados e com prazo de  validade expirado ser\u00e3o revalidados pelo mesmo prazo dos novos cr\u00e9ditos  adquiridos.  <\/p>\n","protected":false},"excerpt":{"rendered":"<p>A novela do prazo de validade dos cr\u00e9ditos em celulares pr\u00e9-pagos tomou um novo rumo e novamente os clientes ter\u00e3o um prazo para utilizar a quantia paga. O Superior Tribunal de Justi\u00e7a (STJ) suspendeu via liminar a decis\u00e3o da 5\u00aa Turma do Tribunal Regional Federal da 1\u00aa Regi\u00e3o e manteve a resolu\u00e7\u00e3o da Ag\u00eancia Nacional de Telecomunica\u00e7\u00f5es (Anatel). Dessa forma, [&hellip;]<\/p>\n","protected":false},"author":28,"featured_media":0,"comment_status":"open","ping_status":"open","sticky":false,"template":"","format":"standard","meta":{"footnotes":""},"categories":[1],"tags":[],"class_list":["post-424","post","type-post","status-publish","format-standard","hentry","category-sem-categoria"],"_links":{"self":[{"href":"https:\/\/blogs.correiobraziliense.com.br\/consumidor\/wp-json\/wp\/v2\/posts\/424","targetHints":{"allow":["GET"]}}],"collection":[{"href":"https:\/\/blogs.correiobraziliense.com.br\/consumidor\/wp-json\/wp\/v2\/posts"}],"about":[{"href":"https:\/\/blogs.correiobraziliense.com.br\/consumidor\/wp-json\/wp\/v2\/types\/post"}],"author":[{"embeddable":true,"href":"https:\/\/blogs.correiobraziliense.com.br\/consumidor\/wp-json\/wp\/v2\/users\/28"}],"replies":[{"embeddable":true,"href":"https:\/\/blogs.correiobraziliense.com.br\/consumidor\/wp-json\/wp\/v2\/comments?post=424"}],"version-history":[{"count":0,"href":"https:\/\/blogs.correiobraziliense.com.br\/consumidor\/wp-json\/wp\/v2\/posts\/424\/revisions"}],"wp:attachment":[{"href":"https:\/\/blogs.correiobraziliense.com.br\/consumidor\/wp-json\/wp\/v2\/media?parent=424"}],"wp:term":[{"taxonomy":"category","embeddable":true,"href":"https:\/\/blogs.correiobraziliense.com.br\/consumidor\/wp-json\/wp\/v2\/categories?post=424"},{"taxonomy":"post_tag","embeddable":true,"href":"https:\/\/blogs.correiobraziliense.com.br\/consumidor\/wp-json\/wp\/v2\/tags?post=424"}],"curies":[{"name":"wp","href":"https:\/\/api.w.org\/{rel}","templated":true}]}}