{"id":415,"date":"2013-10-21T12:42:00","date_gmt":"2013-10-21T14:42:00","guid":{"rendered":"https:\/\/blogs.correiobraziliense.com.br\/consumidor\/mantida_a_decisao_de_que_os_creditos_pre-pagos_nao_podem_expirar\/"},"modified":"2013-10-21T12:42:00","modified_gmt":"2013-10-21T14:42:00","slug":"mantida_a_decisao_de_que_os_creditos_pre-pagos_nao_podem_expirar","status":"publish","type":"post","link":"https:\/\/blogs.correiobraziliense.com.br\/consumidor\/mantida_a_decisao_de_que_os_creditos_pre-pagos_nao_podem_expirar\/","title":{"rendered":"Mantida a decis\u00e3o de que os cr\u00e9ditos pr\u00e9-pagos n\u00e3o podem expirar"},"content":{"rendered":"\n<p>A Justi\u00e7a Federal manteve a proibi\u00e7\u00e3o de as operadoras de telefonia m\u00f3vel estabelecerem prazo de validade para cr\u00e9ditos pr\u00e9-pagos. A 5\u00aa Turma do Tribunal Regional Federal da 1\u00aa Regi\u00e3o negou, por unanimidade, os embargos de declara\u00e7\u00e3o apresentados pela TIM, Telef\u00f4nica, TNL PCS e Ag\u00eancia Nacional de Telecomunica\u00e7\u00f5es (Anatel).  <\/p>\n<p>A decis\u00e3o vale para todo o Brasil, tem efeito imediato, mas ainda cabe recurso \u00e0s inst\u00e2ncias superiores. <\/p>\n","protected":false},"excerpt":{"rendered":"<p>A Justi\u00e7a Federal manteve a proibi\u00e7\u00e3o de as operadoras de telefonia m\u00f3vel estabelecerem prazo de validade para cr\u00e9ditos pr\u00e9-pagos. A 5\u00aa Turma do Tribunal Regional Federal da 1\u00aa Regi\u00e3o negou, por unanimidade, os embargos de declara\u00e7\u00e3o apresentados pela TIM, Telef\u00f4nica, TNL PCS e Ag\u00eancia Nacional de Telecomunica\u00e7\u00f5es (Anatel). A decis\u00e3o vale para todo o Brasil, tem efeito imediato, mas ainda [&hellip;]<\/p>\n","protected":false},"author":28,"featured_media":0,"comment_status":"open","ping_status":"open","sticky":false,"template":"","format":"standard","meta":{"footnotes":""},"categories":[1],"tags":[],"class_list":["post-415","post","type-post","status-publish","format-standard","hentry","category-sem-categoria"],"_links":{"self":[{"href":"https:\/\/blogs.correiobraziliense.com.br\/consumidor\/wp-json\/wp\/v2\/posts\/415","targetHints":{"allow":["GET"]}}],"collection":[{"href":"https:\/\/blogs.correiobraziliense.com.br\/consumidor\/wp-json\/wp\/v2\/posts"}],"about":[{"href":"https:\/\/blogs.correiobraziliense.com.br\/consumidor\/wp-json\/wp\/v2\/types\/post"}],"author":[{"embeddable":true,"href":"https:\/\/blogs.correiobraziliense.com.br\/consumidor\/wp-json\/wp\/v2\/users\/28"}],"replies":[{"embeddable":true,"href":"https:\/\/blogs.correiobraziliense.com.br\/consumidor\/wp-json\/wp\/v2\/comments?post=415"}],"version-history":[{"count":0,"href":"https:\/\/blogs.correiobraziliense.com.br\/consumidor\/wp-json\/wp\/v2\/posts\/415\/revisions"}],"wp:attachment":[{"href":"https:\/\/blogs.correiobraziliense.com.br\/consumidor\/wp-json\/wp\/v2\/media?parent=415"}],"wp:term":[{"taxonomy":"category","embeddable":true,"href":"https:\/\/blogs.correiobraziliense.com.br\/consumidor\/wp-json\/wp\/v2\/categories?post=415"},{"taxonomy":"post_tag","embeddable":true,"href":"https:\/\/blogs.correiobraziliense.com.br\/consumidor\/wp-json\/wp\/v2\/tags?post=415"}],"curies":[{"name":"wp","href":"https:\/\/api.w.org\/{rel}","templated":true}]}}