{"id":414,"date":"2013-10-15T19:44:00","date_gmt":"2013-10-15T22:44:00","guid":{"rendered":"https:\/\/blogs.correiobraziliense.com.br\/consumidor\/mp_pede_que_escolas_abram_planilhas_de_custos\/"},"modified":"2013-10-15T19:44:00","modified_gmt":"2013-10-15T22:44:00","slug":"mp_pede_que_escolas_abram_planilhas_de_custos","status":"publish","type":"post","link":"https:\/\/blogs.correiobraziliense.com.br\/consumidor\/mp_pede_que_escolas_abram_planilhas_de_custos\/","title":{"rendered":"MP pede que escolas abram planilhas de custos"},"content":{"rendered":"\n<p>Os pais devem ter acesso \u00e0s planilhas de custos que justiquem os reajustes anuais das escolas conforme o disposto na Lei das Mensalidades e&nbsp; no direito \u00e0 informa\u00e7\u00e3o previsto no C\u00f3digo de Defesa do Consumidor. Este \u00e9 o entendimento do Minist\u00e9rio P\u00fablico do Distrito Federal.  <\/p>\n<p>O promotor Paulo Roberto Binichesk explicou ontem, em audi\u00eancia, a posi\u00e7\u00e3o do MP e pediu ao diretor do Procon-DF, T\u00f3di Moreno, que re\u00fana com o sindicato patronal para orientar as escolas sobre o \u00edndice de aumento e, depois, autuar aquelas institui\u00e7\u00f5es que n\u00e3o colocarem \u00e0 disposi\u00e7\u00e3o dos pais as tabelas de custos que justifiquem o valor das mensalidades no pr\u00f3ximo ciclo letivo.  <\/p>\n<p>O diretor do Procon-DF, T\u00f3di Moreno, comunicou na audi\u00eancia que ir\u00e1 marcar uma reuni\u00e3o com o Sindicato dos Estabelecimentos Particulares de Ensino do DF para &#8220;em reuni\u00e3o conjunta atender o pleito ministerial&#8221;, diz o termo de audi\u00eancia. <\/p>\n<p>A Associa\u00e7\u00e3o de Pais do DF tamb\u00e9m esteve presente na reuni\u00e3o defendendo a abertura das planilhas.  <\/p>\n","protected":false},"excerpt":{"rendered":"<p>Os pais devem ter acesso \u00e0s planilhas de custos que justiquem os reajustes anuais das escolas conforme o disposto na Lei das Mensalidades e&nbsp; no direito \u00e0 informa\u00e7\u00e3o previsto no C\u00f3digo de Defesa do Consumidor. Este \u00e9 o entendimento do Minist\u00e9rio P\u00fablico do Distrito Federal. O promotor Paulo Roberto Binichesk explicou ontem, em audi\u00eancia, a posi\u00e7\u00e3o do MP e pediu [&hellip;]<\/p>\n","protected":false},"author":28,"featured_media":0,"comment_status":"open","ping_status":"open","sticky":false,"template":"","format":"standard","meta":{"footnotes":""},"categories":[1],"tags":[],"class_list":["post-414","post","type-post","status-publish","format-standard","hentry","category-sem-categoria"],"_links":{"self":[{"href":"https:\/\/blogs.correiobraziliense.com.br\/consumidor\/wp-json\/wp\/v2\/posts\/414","targetHints":{"allow":["GET"]}}],"collection":[{"href":"https:\/\/blogs.correiobraziliense.com.br\/consumidor\/wp-json\/wp\/v2\/posts"}],"about":[{"href":"https:\/\/blogs.correiobraziliense.com.br\/consumidor\/wp-json\/wp\/v2\/types\/post"}],"author":[{"embeddable":true,"href":"https:\/\/blogs.correiobraziliense.com.br\/consumidor\/wp-json\/wp\/v2\/users\/28"}],"replies":[{"embeddable":true,"href":"https:\/\/blogs.correiobraziliense.com.br\/consumidor\/wp-json\/wp\/v2\/comments?post=414"}],"version-history":[{"count":0,"href":"https:\/\/blogs.correiobraziliense.com.br\/consumidor\/wp-json\/wp\/v2\/posts\/414\/revisions"}],"wp:attachment":[{"href":"https:\/\/blogs.correiobraziliense.com.br\/consumidor\/wp-json\/wp\/v2\/media?parent=414"}],"wp:term":[{"taxonomy":"category","embeddable":true,"href":"https:\/\/blogs.correiobraziliense.com.br\/consumidor\/wp-json\/wp\/v2\/categories?post=414"},{"taxonomy":"post_tag","embeddable":true,"href":"https:\/\/blogs.correiobraziliense.com.br\/consumidor\/wp-json\/wp\/v2\/tags?post=414"}],"curies":[{"name":"wp","href":"https:\/\/api.w.org\/{rel}","templated":true}]}}