{"id":412,"date":"2013-10-10T15:52:00","date_gmt":"2013-10-10T18:52:00","guid":{"rendered":"https:\/\/blogs.correiobraziliense.com.br\/consumidor\/passagens_aereas_pesaram_no_bolso_do_consumidor_em_setembro\/"},"modified":"2013-10-10T15:52:00","modified_gmt":"2013-10-10T18:52:00","slug":"passagens_aereas_pesaram_no_bolso_do_consumidor_em_setembro","status":"publish","type":"post","link":"https:\/\/blogs.correiobraziliense.com.br\/consumidor\/passagens_aereas_pesaram_no_bolso_do_consumidor_em_setembro\/","title":{"rendered":"Passagens a\u00e9reas pesaram no bolso do consumidor em setembro"},"content":{"rendered":"\n<p>&nbsp;&nbsp;&nbsp;&nbsp;&nbsp;&nbsp;&nbsp;&nbsp;&nbsp;&nbsp;&nbsp;&nbsp;&nbsp; &nbsp; &nbsp; &nbsp; &nbsp; &nbsp; &nbsp; &nbsp; &nbsp; &nbsp; &nbsp; &nbsp;&nbsp; <img decoding=\"async\" src=\"https:\/\/blogs.correiobraziliense.com.br\/wp-content\/uploads\/blog-consumidor\/d2e1dcaa03127e8d563eeab6f388977e.jpg\"> <\/p>\n<p>O consumidor que precisou agendar uma viagem de avi\u00e3o no m\u00eas de setembro percebeu os pre\u00e7os amargos cobrados pelas companhias a\u00e9reas. De acordo com o \u00cdndice Nacional de Pre\u00e7os ao Consumidor Amplo (IPCA) divulgado pelo IBGE, no Brasil, a m\u00e9dia de aumento foi de 16,09%.  <\/p>\n<p>Em algumas cidades, como Goi\u00e2nia (GO), a alta somente em setembro foi de 32,37%. Em Bras\u00edlia ficou em 17,68%. Esse acr\u00e9scimo foi uma das respons\u00e1veis pelo aumento no segmento transporte que puxou o \u00edndice da capital da Rep\u00fablica e o colocou como o dobro do nacional, 0,70%. Assim, Bras\u00edlia liderou o ranking nacional de infla\u00e7\u00e3o no Brasil. <\/p>\n<p>O aumento foi impulsionado pelos segmentos de transporte (1,78%), habita\u00e7\u00e3o (1,60%) e vestu\u00e1rio (1,21%). Curiosamente os tr\u00eas que vinham apresentando a menor varia\u00e7\u00e3o desde o in\u00edcio do ano. <\/p>\n<p>O que preocupa os especialistas \u00e9 que os setores que apresentaram alta este m\u00eas s\u00e3o aqueles com grande impacto no or\u00e7amento das fam\u00edlias brasilienses, em especial, habita\u00e7\u00e3o e transportes. \u201cQuando esses dois elementos sobem, a gente percebe uma mudan\u00e7a no comportamento da infla\u00e7\u00e3o em Bras\u00edlia. At\u00e9 agosto, eles seguraram a infla\u00e7\u00e3o, agora, colocaram Bras\u00edlia com o \u00edndice mais alto do pa\u00eds\u201d, analisa o economista Newton Marques, coordenador do N\u00facleo de An\u00e1lise de \u00cdndices de Pre\u00e7os da Companhia de Planejamento do Distrito Federal.  <\/p>\n<p>Em habita\u00e7\u00e3o o que pesou no bolso do consumidor brasiliense foi o aumento da energia el\u00e9trica (6,48%). Ele faz parte do reajuste anual da Companhia Energ\u00e9tica de Bras\u00edlia e come\u00e7ou a ser repassado ao consumidor no dia 17 de agosto, por isso, s\u00f3 foi sentido em setembro.  <\/p>\n","protected":false},"excerpt":{"rendered":"<p>&nbsp;&nbsp;&nbsp;&nbsp;&nbsp;&nbsp;&nbsp;&nbsp;&nbsp;&nbsp;&nbsp;&nbsp;&nbsp; &nbsp; &nbsp; &nbsp; &nbsp; &nbsp; &nbsp; &nbsp; &nbsp; &nbsp; &nbsp; &nbsp;&nbsp; O consumidor que precisou agendar uma viagem de avi\u00e3o no m\u00eas de setembro percebeu os pre\u00e7os amargos cobrados pelas companhias a\u00e9reas. De acordo com o \u00cdndice Nacional de Pre\u00e7os ao Consumidor Amplo (IPCA) divulgado pelo IBGE, no Brasil, a m\u00e9dia de aumento foi de 16,09%. Em algumas cidades, [&hellip;]<\/p>\n","protected":false},"author":28,"featured_media":0,"comment_status":"open","ping_status":"open","sticky":false,"template":"","format":"standard","meta":{"footnotes":""},"categories":[1],"tags":[],"class_list":["post-412","post","type-post","status-publish","format-standard","hentry","category-sem-categoria"],"_links":{"self":[{"href":"https:\/\/blogs.correiobraziliense.com.br\/consumidor\/wp-json\/wp\/v2\/posts\/412","targetHints":{"allow":["GET"]}}],"collection":[{"href":"https:\/\/blogs.correiobraziliense.com.br\/consumidor\/wp-json\/wp\/v2\/posts"}],"about":[{"href":"https:\/\/blogs.correiobraziliense.com.br\/consumidor\/wp-json\/wp\/v2\/types\/post"}],"author":[{"embeddable":true,"href":"https:\/\/blogs.correiobraziliense.com.br\/consumidor\/wp-json\/wp\/v2\/users\/28"}],"replies":[{"embeddable":true,"href":"https:\/\/blogs.correiobraziliense.com.br\/consumidor\/wp-json\/wp\/v2\/comments?post=412"}],"version-history":[{"count":0,"href":"https:\/\/blogs.correiobraziliense.com.br\/consumidor\/wp-json\/wp\/v2\/posts\/412\/revisions"}],"wp:attachment":[{"href":"https:\/\/blogs.correiobraziliense.com.br\/consumidor\/wp-json\/wp\/v2\/media?parent=412"}],"wp:term":[{"taxonomy":"category","embeddable":true,"href":"https:\/\/blogs.correiobraziliense.com.br\/consumidor\/wp-json\/wp\/v2\/categories?post=412"},{"taxonomy":"post_tag","embeddable":true,"href":"https:\/\/blogs.correiobraziliense.com.br\/consumidor\/wp-json\/wp\/v2\/tags?post=412"}],"curies":[{"name":"wp","href":"https:\/\/api.w.org\/{rel}","templated":true}]}}