{"id":411,"date":"2013-10-09T14:25:00","date_gmt":"2013-10-09T17:25:00","guid":{"rendered":"https:\/\/blogs.correiobraziliense.com.br\/consumidor\/kia_faz_recall_de_luz_de_freio\/"},"modified":"2013-10-09T14:25:00","modified_gmt":"2013-10-09T17:25:00","slug":"kia_faz_recall_de_luz_de_freio","status":"publish","type":"post","link":"https:\/\/blogs.correiobraziliense.com.br\/consumidor\/kia_faz_recall_de_luz_de_freio\/","title":{"rendered":"KIA faz recall de luz de freio"},"content":{"rendered":"\n<p>A KIA anunciou o recall de seis modelos de ve\u00edculos para corrigir um problema nas luzes de freio. Os propriet\u00e1rios devem procurar uma concession\u00e1ria a partir do dia 21 de outubro para a substitui\u00e7\u00e3o do interruptor das luzes de freio.  <\/p>\n<p>De acordo com a montadora, as luzes de freio podem n\u00e3o acender quando o pedal do freio for pressionado. Nesta situa\u00e7\u00e3o, pode ocorrer a incapacidade de desativar o piloto autom\u00e1tico; funcionamento intermitente do bot\u00e3o de partida\/parada do motor e dificuldade de movimenta\u00e7\u00e3o da alavanca de transmiss\u00e3o, causando risco de acidente de tr\u00e2nsito, pois as luzes de freios podem n\u00e3o acender quando acionado o pedal, ou mesmo pode n\u00e3o desativar o piloto autom\u00e1tico. Pode ainda ocorrer a impossibilidade de movimentar a alavanca de transmiss\u00e3oda posi\u00e7\u00e3o P (estacionamento).  <\/p>\n<p>O agendamento da substitui\u00e7\u00e3o deve ser agendada em uma revenda KIA, cujos endere\u00e7os e telefones podem ser obtidos pelo telefone 0800 77 11011 ou pelo site da montadora.  <\/p>\n<p>Segue a rela\u00e7\u00e3o dos ve\u00edculos que devem fazer a substitui\u00e7\u00e3o das pe\u00e7as: <\/p>\n<p>Modelo <b>SPORTAGE<\/b> (2011, produzidos entre 25\/8\/2010 e 4\/4\/2011) &#8211; <b>Chassi<\/b> de 042880 ao 144957 Modelo <b>CERATO<\/b> (2010 a 2011, produzidos entre 3\/2\/2009 e 30\/8\/2010): <b>Chassi<\/b> de 044301 ao 882890 Modelo <b>MAGENTIS<\/b> (2008 a 2010, produzidos entre 2\/6\/2007 e 6\/1\/2010) &#8211; <b>Chassi<\/b> de 175104 ao 423510 Modelo <b>OPIRUS<\/b> (2008 a 2009, produzidos entre 14\/6\/2007 e 6\/10\/2008) &#8211; <b>Chassi<\/b> de 145877 ao 181065 Modelo <b>MOHAVE<\/b> (2008 a 2011, produzidos entre 22\/2\/2008 e 10\/3\/2011) &#8211; <b>Chassi<\/b> de 001088 ao 071004 Modelo <b>CARNIVAL<\/b> (2007 a 2011, produzidos entre 21\/11\/2006 e 10\/12\/2010) &#8211; <b>Chassi<\/b> de 144786 ao 376690 &nbsp; <\/p>\n","protected":false},"excerpt":{"rendered":"<p>A KIA anunciou o recall de seis modelos de ve\u00edculos para corrigir um problema nas luzes de freio. Os propriet\u00e1rios devem procurar uma concession\u00e1ria a partir do dia 21 de outubro para a substitui\u00e7\u00e3o do interruptor das luzes de freio. De acordo com a montadora, as luzes de freio podem n\u00e3o acender quando o pedal do freio for pressionado. Nesta [&hellip;]<\/p>\n","protected":false},"author":28,"featured_media":0,"comment_status":"open","ping_status":"open","sticky":false,"template":"","format":"standard","meta":{"footnotes":""},"categories":[1],"tags":[],"class_list":["post-411","post","type-post","status-publish","format-standard","hentry","category-sem-categoria"],"_links":{"self":[{"href":"https:\/\/blogs.correiobraziliense.com.br\/consumidor\/wp-json\/wp\/v2\/posts\/411","targetHints":{"allow":["GET"]}}],"collection":[{"href":"https:\/\/blogs.correiobraziliense.com.br\/consumidor\/wp-json\/wp\/v2\/posts"}],"about":[{"href":"https:\/\/blogs.correiobraziliense.com.br\/consumidor\/wp-json\/wp\/v2\/types\/post"}],"author":[{"embeddable":true,"href":"https:\/\/blogs.correiobraziliense.com.br\/consumidor\/wp-json\/wp\/v2\/users\/28"}],"replies":[{"embeddable":true,"href":"https:\/\/blogs.correiobraziliense.com.br\/consumidor\/wp-json\/wp\/v2\/comments?post=411"}],"version-history":[{"count":0,"href":"https:\/\/blogs.correiobraziliense.com.br\/consumidor\/wp-json\/wp\/v2\/posts\/411\/revisions"}],"wp:attachment":[{"href":"https:\/\/blogs.correiobraziliense.com.br\/consumidor\/wp-json\/wp\/v2\/media?parent=411"}],"wp:term":[{"taxonomy":"category","embeddable":true,"href":"https:\/\/blogs.correiobraziliense.com.br\/consumidor\/wp-json\/wp\/v2\/categories?post=411"},{"taxonomy":"post_tag","embeddable":true,"href":"https:\/\/blogs.correiobraziliense.com.br\/consumidor\/wp-json\/wp\/v2\/tags?post=411"}],"curies":[{"name":"wp","href":"https:\/\/api.w.org\/{rel}","templated":true}]}}