{"id":407,"date":"2013-10-03T12:09:00","date_gmt":"2013-10-03T15:09:00","guid":{"rendered":"https:\/\/blogs.correiobraziliense.com.br\/consumidor\/viajantes_brasileiros_receberao_torpedo_com_contato_da_embaixada\/"},"modified":"2013-10-03T12:09:00","modified_gmt":"2013-10-03T15:09:00","slug":"viajantes_brasileiros_receberao_torpedo_com_contato_da_embaixada","status":"publish","type":"post","link":"https:\/\/blogs.correiobraziliense.com.br\/consumidor\/viajantes_brasileiros_receberao_torpedo_com_contato_da_embaixada\/","title":{"rendered":"Viajantes brasileiros receber\u00e3o torpedo com contato da embaixada"},"content":{"rendered":"\n<p>&nbsp;&nbsp;&nbsp;&nbsp;&nbsp;&nbsp;&nbsp;&nbsp;&nbsp;&nbsp;&nbsp;&nbsp;&nbsp;&nbsp;&nbsp;&nbsp;&nbsp;&nbsp;&nbsp;&nbsp;&nbsp;&nbsp;&nbsp;&nbsp;&nbsp;&nbsp;&nbsp;&nbsp;&nbsp;&nbsp;&nbsp;&nbsp;&nbsp;&nbsp;&nbsp;&nbsp;&nbsp;&nbsp;&nbsp;&nbsp;&nbsp; <img decoding=\"async\" src=\"https:\/\/blogs.correiobraziliense.com.br\/wp-content\/uploads\/blog-consumidor\/4c6125623a87166433756a0d01f8c3bf.jpg\"> <\/p>\n<p>Brasileiros que viajarem para o exterior receber\u00e3o uma mensagem de SMS com o contato do consulado do Brasil naquele pa\u00eds para atendimentos em casos de emerg\u00eancias. <\/p>\n<p>A iniciativa atinge sete pa\u00edses: Portugal, Espanha, Argentina, It\u00e1lia, Fran\u00e7a, Peru e Reino Unido. As operadoras que est\u00e3o participando do projeto da Ag\u00eancia Nacional de Telecomunica\u00e7\u00f5es (Anatel) s\u00e3o: Vivo, TIM, Claro e Oi. <\/p>\n<p>O projeto piloto come\u00e7ou em julho de 2012 para os viajantes de Portugal e Espanha.  <\/p>\n","protected":false},"excerpt":{"rendered":"<p>&nbsp;&nbsp;&nbsp;&nbsp;&nbsp;&nbsp;&nbsp;&nbsp;&nbsp;&nbsp;&nbsp;&nbsp;&nbsp;&nbsp;&nbsp;&nbsp;&nbsp;&nbsp;&nbsp;&nbsp;&nbsp;&nbsp;&nbsp;&nbsp;&nbsp;&nbsp;&nbsp;&nbsp;&nbsp;&nbsp;&nbsp;&nbsp;&nbsp;&nbsp;&nbsp;&nbsp;&nbsp;&nbsp;&nbsp;&nbsp;&nbsp; Brasileiros que viajarem para o exterior receber\u00e3o uma mensagem de SMS com o contato do consulado do Brasil naquele pa\u00eds para atendimentos em casos de emerg\u00eancias. A iniciativa atinge sete pa\u00edses: Portugal, Espanha, Argentina, It\u00e1lia, Fran\u00e7a, Peru e Reino Unido. As operadoras que est\u00e3o participando do projeto da Ag\u00eancia Nacional de Telecomunica\u00e7\u00f5es (Anatel) s\u00e3o: Vivo, TIM, Claro e Oi. [&hellip;]<\/p>\n","protected":false},"author":28,"featured_media":0,"comment_status":"open","ping_status":"open","sticky":false,"template":"","format":"standard","meta":{"footnotes":""},"categories":[1],"tags":[],"class_list":["post-407","post","type-post","status-publish","format-standard","hentry","category-sem-categoria"],"_links":{"self":[{"href":"https:\/\/blogs.correiobraziliense.com.br\/consumidor\/wp-json\/wp\/v2\/posts\/407","targetHints":{"allow":["GET"]}}],"collection":[{"href":"https:\/\/blogs.correiobraziliense.com.br\/consumidor\/wp-json\/wp\/v2\/posts"}],"about":[{"href":"https:\/\/blogs.correiobraziliense.com.br\/consumidor\/wp-json\/wp\/v2\/types\/post"}],"author":[{"embeddable":true,"href":"https:\/\/blogs.correiobraziliense.com.br\/consumidor\/wp-json\/wp\/v2\/users\/28"}],"replies":[{"embeddable":true,"href":"https:\/\/blogs.correiobraziliense.com.br\/consumidor\/wp-json\/wp\/v2\/comments?post=407"}],"version-history":[{"count":0,"href":"https:\/\/blogs.correiobraziliense.com.br\/consumidor\/wp-json\/wp\/v2\/posts\/407\/revisions"}],"wp:attachment":[{"href":"https:\/\/blogs.correiobraziliense.com.br\/consumidor\/wp-json\/wp\/v2\/media?parent=407"}],"wp:term":[{"taxonomy":"category","embeddable":true,"href":"https:\/\/blogs.correiobraziliense.com.br\/consumidor\/wp-json\/wp\/v2\/categories?post=407"},{"taxonomy":"post_tag","embeddable":true,"href":"https:\/\/blogs.correiobraziliense.com.br\/consumidor\/wp-json\/wp\/v2\/tags?post=407"}],"curies":[{"name":"wp","href":"https:\/\/api.w.org\/{rel}","templated":true}]}}