{"id":403,"date":"2013-10-01T11:16:00","date_gmt":"2013-10-01T14:16:00","guid":{"rendered":"https:\/\/blogs.correiobraziliense.com.br\/consumidor\/eletrodomesticos_mais_caros_\/"},"modified":"2013-10-01T11:16:00","modified_gmt":"2013-10-01T14:16:00","slug":"eletrodomesticos_mais_caros_","status":"publish","type":"post","link":"https:\/\/blogs.correiobraziliense.com.br\/consumidor\/eletrodomesticos_mais_caros_\/","title":{"rendered":"Eletrodom\u00e9sticos mais caros"},"content":{"rendered":"\n<p>A partir de hoje, quem comprar um eletrodom\u00e9stico ou um m\u00f3vel pode pagar mais caro. As al\u00edquotas do Imposto sobre Produtos  Industrializados (IPI) desse tipo de bem voltam a subir, mas ficar\u00e3o  inferiores \u00e0s taxas que vigoravam antes da desonera\u00e7\u00e3o feita pelo  governo no fim de 2011. Os fabricantes dizem que t\u00eam, por duas semanas,  estoque suficiente para n\u00e3o repassar o aumento do imposto aos  consumidores. Mas, para aumentar as margens de lucro, o varejo come\u00e7a  a refazer as tabelas de pre\u00e7os. <\/p>\n<p>O com\u00e9rcio teve um fim de semana  e uma segunda-feira de muita procura. Atra\u00eddos por faixas e cartazes  nas lojas, muitos clientes aproveitaram para garantir o sonho de consumo  mais em conta.  <\/p>\n<p>Na \u00faltima sexta-feira, o Minist\u00e9rio da Fazenda  anunciou o calend\u00e1rio de recomposi\u00e7\u00e3o das al\u00edquotas do IPI de m\u00f3veis,  produtos da linha branca e pain\u00e9is de madeira. O argumento \u00e9 que,  segundo a pasta, a economia brasileira voltou a retomar o f\u00f4lego.  <\/p>\n<p>O  governo tem desonerado o imposto de diversos itens \u2014 que tamb\u00e9m  inclu\u00edram carros e materiais de constru\u00e7\u00e3o \u2014 desde 2009, numa tentativa  estimular o consumo, contra\u00eddo pelas incertezas causadas com a crise  mundial. O aumento do imposto, no entanto, ser\u00e1 gradual. A partir de  hoje, os produtos ter\u00e3o um primeiro reajuste e, at\u00e9 dezembro, um outro.  <\/p>\n<p>Com informa\u00e7\u00f5es do caderno de Economia do Correio Braziliense <\/p>\n","protected":false},"excerpt":{"rendered":"<p>A partir de hoje, quem comprar um eletrodom\u00e9stico ou um m\u00f3vel pode pagar mais caro. As al\u00edquotas do Imposto sobre Produtos Industrializados (IPI) desse tipo de bem voltam a subir, mas ficar\u00e3o inferiores \u00e0s taxas que vigoravam antes da desonera\u00e7\u00e3o feita pelo governo no fim de 2011. Os fabricantes dizem que t\u00eam, por duas semanas, estoque suficiente para n\u00e3o repassar [&hellip;]<\/p>\n","protected":false},"author":28,"featured_media":0,"comment_status":"open","ping_status":"open","sticky":false,"template":"","format":"standard","meta":{"footnotes":""},"categories":[1],"tags":[],"class_list":["post-403","post","type-post","status-publish","format-standard","hentry","category-sem-categoria"],"_links":{"self":[{"href":"https:\/\/blogs.correiobraziliense.com.br\/consumidor\/wp-json\/wp\/v2\/posts\/403","targetHints":{"allow":["GET"]}}],"collection":[{"href":"https:\/\/blogs.correiobraziliense.com.br\/consumidor\/wp-json\/wp\/v2\/posts"}],"about":[{"href":"https:\/\/blogs.correiobraziliense.com.br\/consumidor\/wp-json\/wp\/v2\/types\/post"}],"author":[{"embeddable":true,"href":"https:\/\/blogs.correiobraziliense.com.br\/consumidor\/wp-json\/wp\/v2\/users\/28"}],"replies":[{"embeddable":true,"href":"https:\/\/blogs.correiobraziliense.com.br\/consumidor\/wp-json\/wp\/v2\/comments?post=403"}],"version-history":[{"count":0,"href":"https:\/\/blogs.correiobraziliense.com.br\/consumidor\/wp-json\/wp\/v2\/posts\/403\/revisions"}],"wp:attachment":[{"href":"https:\/\/blogs.correiobraziliense.com.br\/consumidor\/wp-json\/wp\/v2\/media?parent=403"}],"wp:term":[{"taxonomy":"category","embeddable":true,"href":"https:\/\/blogs.correiobraziliense.com.br\/consumidor\/wp-json\/wp\/v2\/categories?post=403"},{"taxonomy":"post_tag","embeddable":true,"href":"https:\/\/blogs.correiobraziliense.com.br\/consumidor\/wp-json\/wp\/v2\/tags?post=403"}],"curies":[{"name":"wp","href":"https:\/\/api.w.org\/{rel}","templated":true}]}}