{"id":370,"date":"2013-08-07T13:00:00","date_gmt":"2013-08-07T16:00:00","guid":{"rendered":"https:\/\/blogs.correiobraziliense.com.br\/consumidor\/idec_e_contra_indicacao_de_diretor_da_ans\/"},"modified":"2013-08-07T13:00:00","modified_gmt":"2013-08-07T16:00:00","slug":"idec_e_contra_indicacao_de_diretor_da_ans","status":"publish","type":"post","link":"https:\/\/blogs.correiobraziliense.com.br\/consumidor\/idec_e_contra_indicacao_de_diretor_da_ans\/","title":{"rendered":"Idec \u00e9 contra indica\u00e7\u00e3o de diretor da ANS"},"content":{"rendered":"\n<p>O Instituto Brasileiro de Defesa do Consumidor (Idec), uma das mais atuantes associa\u00e7\u00f5es de consumidores, posicionou-se contra a nomea\u00e7\u00e3o do advogado Elano Rodrigues Figueiredo ao cargo de diretor da Ag\u00eancia Nacional de Sa\u00fade Suplementar (ANS).  <\/p>\n<p>Na \u00faltima segunda-feira, a associa\u00e7\u00e3o enviou uma carta \u00e0 Comiss\u00e3o de Assuntos Sociais do Senado pedindo a anula\u00e7\u00e3o do processo decis\u00f3rio. No entendimento do Idec, faltaram informa\u00e7\u00f5es relevantes a respeito do candidato.  <\/p>\n<p>O Idec afirma que durante a escolha pelo Senado foi omitida a informa\u00e7\u00e3o de que Figueiredo atuava como diretor jur\u00eddico do Grupo Hapvida, empresa que esteve na lista das dez operadoras que mais negaram coberturas aos consumidores entre 2010 e 2012. O advogado teria atuado contra consumidores e contra a pr\u00f3pria ANS. O caso foi denunciado pelo jornal O Globo.  <\/p>\n<p>Al\u00e9m disso, o Idec alega que Figueiredo escreveu um artigo em 2008 na revista jur\u00eddica Themis em que lamentava o posicionamento do Judici\u00e1rio favor\u00e1vel aos consumidores de planos de sa\u00fade. No mesmo texto, diz que a ANS sofre grande press\u00e3o do Idec e dos Procons para melhorar cada vez mais os benef\u00edcios a favor do consumidor. <\/p>\n<p>Na carta enviada pelo Idec, a associa\u00e7\u00e3o lembra que o C\u00f3digo de Conduta da Alta Administra\u00e7\u00e3o Federal tem como princ\u00edpio aferir &#8221; integridade e lisura nos processos decis\u00f3rios, o que claramente n\u00e3o est\u00e1 sendo seguido. O Idec e toda a sociedade exigem da ANS o que lhe \u00e9 determinado por lei: a defesa do interesse p\u00fablico, poss\u00edvel somente por meio da regula\u00e7\u00e3o, sem a influ\u00eancia do interesse privado&#8221;  <\/p>\n","protected":false},"excerpt":{"rendered":"<p>O Instituto Brasileiro de Defesa do Consumidor (Idec), uma das mais atuantes associa\u00e7\u00f5es de consumidores, posicionou-se contra a nomea\u00e7\u00e3o do advogado Elano Rodrigues Figueiredo ao cargo de diretor da Ag\u00eancia Nacional de Sa\u00fade Suplementar (ANS). Na \u00faltima segunda-feira, a associa\u00e7\u00e3o enviou uma carta \u00e0 Comiss\u00e3o de Assuntos Sociais do Senado pedindo a anula\u00e7\u00e3o do processo decis\u00f3rio. No entendimento do Idec, [&hellip;]<\/p>\n","protected":false},"author":28,"featured_media":0,"comment_status":"open","ping_status":"open","sticky":false,"template":"","format":"standard","meta":{"footnotes":""},"categories":[1],"tags":[],"class_list":["post-370","post","type-post","status-publish","format-standard","hentry","category-sem-categoria"],"_links":{"self":[{"href":"https:\/\/blogs.correiobraziliense.com.br\/consumidor\/wp-json\/wp\/v2\/posts\/370","targetHints":{"allow":["GET"]}}],"collection":[{"href":"https:\/\/blogs.correiobraziliense.com.br\/consumidor\/wp-json\/wp\/v2\/posts"}],"about":[{"href":"https:\/\/blogs.correiobraziliense.com.br\/consumidor\/wp-json\/wp\/v2\/types\/post"}],"author":[{"embeddable":true,"href":"https:\/\/blogs.correiobraziliense.com.br\/consumidor\/wp-json\/wp\/v2\/users\/28"}],"replies":[{"embeddable":true,"href":"https:\/\/blogs.correiobraziliense.com.br\/consumidor\/wp-json\/wp\/v2\/comments?post=370"}],"version-history":[{"count":0,"href":"https:\/\/blogs.correiobraziliense.com.br\/consumidor\/wp-json\/wp\/v2\/posts\/370\/revisions"}],"wp:attachment":[{"href":"https:\/\/blogs.correiobraziliense.com.br\/consumidor\/wp-json\/wp\/v2\/media?parent=370"}],"wp:term":[{"taxonomy":"category","embeddable":true,"href":"https:\/\/blogs.correiobraziliense.com.br\/consumidor\/wp-json\/wp\/v2\/categories?post=370"},{"taxonomy":"post_tag","embeddable":true,"href":"https:\/\/blogs.correiobraziliense.com.br\/consumidor\/wp-json\/wp\/v2\/tags?post=370"}],"curies":[{"name":"wp","href":"https:\/\/api.w.org\/{rel}","templated":true}]}}