{"id":369,"date":"2013-08-07T12:15:00","date_gmt":"2013-08-07T15:15:00","guid":{"rendered":"https:\/\/blogs.correiobraziliense.com.br\/consumidor\/recall_de_veiculos_sonic_da_chevrolet\/"},"modified":"2013-08-07T12:15:00","modified_gmt":"2013-08-07T15:15:00","slug":"recall_de_veiculos_sonic_da_chevrolet","status":"publish","type":"post","link":"https:\/\/blogs.correiobraziliense.com.br\/consumidor\/recall_de_veiculos_sonic_da_chevrolet\/","title":{"rendered":"Recall de ve\u00edculos Sonic da Chevrolet"},"content":{"rendered":"\n<p>A General Motors do Brasil (Chevrolet) convoca os propriet\u00e1rios dos ve\u00edculos  modelo Sonic 2013, fabricados no per\u00edodo de 26 de abril de 2012 a 1\u00ba de  maio de 2013, com numera\u00e7\u00e3o de chassis de DS500001 a DS625578, a comparecerem a uma concession\u00e1ria da marca, a partir da pr\u00f3xima semana (15\/8), para  inspe\u00e7\u00e3o, eventual substitui\u00e7\u00e3o da tubula\u00e7\u00e3o de combust\u00edvel e  instala\u00e7\u00e3o de isoladores nas tubula\u00e7\u00f5es de combust\u00edvel e de  ar-condicionado.  &nbsp; No comunicado a empresa informa ter  constatado que este componente foi produzido fora da dimens\u00e3o  especificada, o que pode causar atrito entre as tubula\u00e7\u00f5es de  combust\u00edvel e de ar-condicionado. Em consequ\u00eancia deste defeito, pode  ocorrer vazamento de combust\u00edvel no compartimento do motor, com risco de  inc\u00eandio e de danos materiais e f\u00edsicos aos ocupantes do ve\u00edculo e a  terceiros. &nbsp; A General Motors disponibiliza o telefone 0800 702 4200 e o site <a href=\"http:\/\/www.chevrolet.com.br\/\" target=\"_blank\">www.chevrolet.com.br<\/a> para mais informa\u00e7\u00f5es e agendamento pr\u00e9vio. <\/p>\n<p>Com informa\u00e7\u00f5es do Procon-SP. <\/p>\n","protected":false},"excerpt":{"rendered":"<p>A General Motors do Brasil (Chevrolet) convoca os propriet\u00e1rios dos ve\u00edculos modelo Sonic 2013, fabricados no per\u00edodo de 26 de abril de 2012 a 1\u00ba de maio de 2013, com numera\u00e7\u00e3o de chassis de DS500001 a DS625578, a comparecerem a uma concession\u00e1ria da marca, a partir da pr\u00f3xima semana (15\/8), para inspe\u00e7\u00e3o, eventual substitui\u00e7\u00e3o da tubula\u00e7\u00e3o de combust\u00edvel e instala\u00e7\u00e3o [&hellip;]<\/p>\n","protected":false},"author":28,"featured_media":0,"comment_status":"open","ping_status":"open","sticky":false,"template":"","format":"standard","meta":{"footnotes":""},"categories":[1],"tags":[],"class_list":["post-369","post","type-post","status-publish","format-standard","hentry","category-sem-categoria"],"_links":{"self":[{"href":"https:\/\/blogs.correiobraziliense.com.br\/consumidor\/wp-json\/wp\/v2\/posts\/369","targetHints":{"allow":["GET"]}}],"collection":[{"href":"https:\/\/blogs.correiobraziliense.com.br\/consumidor\/wp-json\/wp\/v2\/posts"}],"about":[{"href":"https:\/\/blogs.correiobraziliense.com.br\/consumidor\/wp-json\/wp\/v2\/types\/post"}],"author":[{"embeddable":true,"href":"https:\/\/blogs.correiobraziliense.com.br\/consumidor\/wp-json\/wp\/v2\/users\/28"}],"replies":[{"embeddable":true,"href":"https:\/\/blogs.correiobraziliense.com.br\/consumidor\/wp-json\/wp\/v2\/comments?post=369"}],"version-history":[{"count":0,"href":"https:\/\/blogs.correiobraziliense.com.br\/consumidor\/wp-json\/wp\/v2\/posts\/369\/revisions"}],"wp:attachment":[{"href":"https:\/\/blogs.correiobraziliense.com.br\/consumidor\/wp-json\/wp\/v2\/media?parent=369"}],"wp:term":[{"taxonomy":"category","embeddable":true,"href":"https:\/\/blogs.correiobraziliense.com.br\/consumidor\/wp-json\/wp\/v2\/categories?post=369"},{"taxonomy":"post_tag","embeddable":true,"href":"https:\/\/blogs.correiobraziliense.com.br\/consumidor\/wp-json\/wp\/v2\/tags?post=369"}],"curies":[{"name":"wp","href":"https:\/\/api.w.org\/{rel}","templated":true}]}}