{"id":366,"date":"2013-08-01T12:34:00","date_gmt":"2013-08-01T15:34:00","guid":{"rendered":"https:\/\/blogs.correiobraziliense.com.br\/consumidor\/recall_de_cadeiras_de_bebe\/"},"modified":"2013-08-01T12:34:00","modified_gmt":"2013-08-01T15:34:00","slug":"recall_de_cadeiras_de_bebe","status":"publish","type":"post","link":"https:\/\/blogs.correiobraziliense.com.br\/consumidor\/recall_de_cadeiras_de_bebe\/","title":{"rendered":"Recall de cadeiras de beb\u00ea"},"content":{"rendered":"\n<p>As empresas Burigotto, Peg-P\u00e9rego e Chicco convocam os pais e respons\u00e1veis para o recall das cadeiras de beb\u00ea modelos Neonato, Navetta XL, Tri-Fix K, Synthesis e Auto-Fix. Todos devem substituir o fecho do cinto de seguran\u00e7a.   <\/p>\n<p>Os modelos Synthesis e Auto-Fix devem ter sido adquiridos entre janeiro de 2010 e maio de 2013 nas fivelas modelos Trio Living, S3, Scoop e Tour 4.  <\/p>\n<p>As empresas informam que h\u00e1 possibilidade de o cinto apresentar problema no fecho, o que pode acarretar em desprendimento da crian\u00e7a, com risco de les\u00f5es tanto ao beb\u00ea quanto \u00e0s demais pessoas ocupantes do carro.   <\/p>\n<p>A orienta\u00e7\u00e3o \u00e9 a de que as cadeiras envolvidas nesta campanha n\u00e3o sejam utilizadas at\u00e9 a substitui\u00e7\u00e3o da pe\u00e7a defeituosa.   <\/p>\n<p>Os consumidores que compraram o produto devem entrar em contato com as empresas pelos endere\u00e7os eletr\u00f4nicos ou telefones.   <\/p>\n<p>Burigotto:<a href=\"http:\/\/www.burigotto.com.br\/site\/\"> www.burigotto.com.br<\/a> ou 0800-7702298  <\/p>\n<p>Peg-P\u00e9rego: <a href=\"http:\/\/www.pegperegobrasil.com.br\/\">www.pegperego.com.br<\/a> ou 0800-7702298  <\/p>\n<p>Chicco: <a href=\"http:\/\/www.chicco.com.br\">www.chicco.br <\/a>ou 0800-2000210  <\/p>\n","protected":false},"excerpt":{"rendered":"<p>As empresas Burigotto, Peg-P\u00e9rego e Chicco convocam os pais e respons\u00e1veis para o recall das cadeiras de beb\u00ea modelos Neonato, Navetta XL, Tri-Fix K, Synthesis e Auto-Fix. Todos devem substituir o fecho do cinto de seguran\u00e7a. Os modelos Synthesis e Auto-Fix devem ter sido adquiridos entre janeiro de 2010 e maio de 2013 nas fivelas modelos Trio Living, S3, Scoop [&hellip;]<\/p>\n","protected":false},"author":28,"featured_media":0,"comment_status":"open","ping_status":"open","sticky":false,"template":"","format":"standard","meta":{"footnotes":""},"categories":[1],"tags":[],"class_list":["post-366","post","type-post","status-publish","format-standard","hentry","category-sem-categoria"],"_links":{"self":[{"href":"https:\/\/blogs.correiobraziliense.com.br\/consumidor\/wp-json\/wp\/v2\/posts\/366","targetHints":{"allow":["GET"]}}],"collection":[{"href":"https:\/\/blogs.correiobraziliense.com.br\/consumidor\/wp-json\/wp\/v2\/posts"}],"about":[{"href":"https:\/\/blogs.correiobraziliense.com.br\/consumidor\/wp-json\/wp\/v2\/types\/post"}],"author":[{"embeddable":true,"href":"https:\/\/blogs.correiobraziliense.com.br\/consumidor\/wp-json\/wp\/v2\/users\/28"}],"replies":[{"embeddable":true,"href":"https:\/\/blogs.correiobraziliense.com.br\/consumidor\/wp-json\/wp\/v2\/comments?post=366"}],"version-history":[{"count":0,"href":"https:\/\/blogs.correiobraziliense.com.br\/consumidor\/wp-json\/wp\/v2\/posts\/366\/revisions"}],"wp:attachment":[{"href":"https:\/\/blogs.correiobraziliense.com.br\/consumidor\/wp-json\/wp\/v2\/media?parent=366"}],"wp:term":[{"taxonomy":"category","embeddable":true,"href":"https:\/\/blogs.correiobraziliense.com.br\/consumidor\/wp-json\/wp\/v2\/categories?post=366"},{"taxonomy":"post_tag","embeddable":true,"href":"https:\/\/blogs.correiobraziliense.com.br\/consumidor\/wp-json\/wp\/v2\/tags?post=366"}],"curies":[{"name":"wp","href":"https:\/\/api.w.org\/{rel}","templated":true}]}}